{"id":1252,"date":"2020-02-07T13:05:22","date_gmt":"2020-02-07T12:05:22","guid":{"rendered":"https:\/\/agora.xtec.cat\/ceip-catalunya-sc\/?p=1252"},"modified":"2020-02-07T13:06:53","modified_gmt":"2020-02-07T12:06:53","slug":"taller-de-mitjans","status":"publish","type":"post","link":"https:\/\/agora.xtec.cat\/ceip-catalunya-sc\/portada\/taller-de-mitjans\/","title":{"rendered":"Taller de mitjans"},"content":{"rendered":"<p><span style=\"font-weight: 400;\">Durant aquest curs, a la comunitat de mitjans, estem realitzant diferents tallers que ens permeten treballar de manera interdisciplinar. S\u00f3n unes sessions on es desenvolupen diferents continguts potenciant la creativitat, l\u2019autonomia i la cooperaci\u00f3 treballant conjuntament alumnes de 1r, 2n i 3r.<\/span><\/p>\n<p><span style=\"font-weight: 400;\">A continuaci\u00f3 us fem una breu explicaci\u00f3 de cada un d\u2019ells:<\/span><\/p>\n<p><b><i>MATEM\u00c0GIQUES<\/i><\/b><\/p>\n<p><span style=\"font-weight: 400;\">En aquest taller veurem com les matem\u00e0tiques estan present en el nostre dia a dia. Farem un acostament a diversos \u00e0mbits matem\u00e0tics des de la vessant m\u00e9s l\u00fadica, en forma de jocs de taula o d\u2019atzar, laberints variats i algun truc de \u201cm\u00e0gia\u201d.<\/span><\/p>\n<p><a href=\"https:\/\/agora.xtec.cat\/ceip-catalunya-sc\/wp-content\/uploads\/usu49\/2020\/02\/Matem\u00e0giques1.jpg\"><img loading=\"lazy\" decoding=\"async\" class=\"alignnone size-medium wp-image-1253\" src=\"https:\/\/agora.xtec.cat\/ceip-catalunya-sc\/wp-content\/uploads\/usu49\/2020\/02\/Matem\u00e0giques1-300x225.jpg\" alt=\"\" width=\"300\" height=\"225\" srcset=\"https:\/\/agora.xtec.cat\/ceip-catalunya-sc\/wp-content\/uploads\/usu49\/2020\/02\/Matem\u00e0giques1-300x225.jpg 300w, https:\/\/agora.xtec.cat\/ceip-catalunya-sc\/wp-content\/uploads\/usu49\/2020\/02\/Matem\u00e0giques1-768x576.jpg 768w, https:\/\/agora.xtec.cat\/ceip-catalunya-sc\/wp-content\/uploads\/usu49\/2020\/02\/Matem\u00e0giques1-200x150.jpg 200w, https:\/\/agora.xtec.cat\/ceip-catalunya-sc\/wp-content\/uploads\/usu49\/2020\/02\/Matem\u00e0giques1.jpg 924w\" sizes=\"auto, (max-width: 300px) 100vw, 300px\" \/><\/a> <a href=\"https:\/\/agora.xtec.cat\/ceip-catalunya-sc\/wp-content\/uploads\/usu49\/2020\/02\/matem\u00e0giques2.jpg\"><img loading=\"lazy\" decoding=\"async\" class=\"alignnone size-medium wp-image-1254\" src=\"https:\/\/agora.xtec.cat\/ceip-catalunya-sc\/wp-content\/uploads\/usu49\/2020\/02\/matem\u00e0giques2-225x300.jpg\" alt=\"\" width=\"225\" height=\"300\" srcset=\"https:\/\/agora.xtec.cat\/ceip-catalunya-sc\/wp-content\/uploads\/usu49\/2020\/02\/matem\u00e0giques2-225x300.jpg 225w, https:\/\/agora.xtec.cat\/ceip-catalunya-sc\/wp-content\/uploads\/usu49\/2020\/02\/matem\u00e0giques2.jpg 740w\" sizes=\"auto, (max-width: 225px) 100vw, 225px\" \/><\/a><\/p>\n<p><b><i>UN M\u00d3N DE CONTES<\/i><\/b><\/p>\n<p><span style=\"font-weight: 400;\">El taller t\u00e9 com a finalitat donar a con\u00e8ixer diferents tipologies d\u2019\u00e0lbums il\u00b7lustrats, fomentar la lectura i promoure el plaer per llegir. En cada sessi\u00f3 es treballa un llibre diferent i es realitza una activitat relacionada amb la lectura.<\/span><\/p>\n<p><a href=\"https:\/\/agora.xtec.cat\/ceip-catalunya-sc\/wp-content\/uploads\/usu49\/2020\/02\/unm\u00f3ndecontes1.jpg\"><img loading=\"lazy\" decoding=\"async\" class=\"alignnone size-medium wp-image-1255\" src=\"https:\/\/agora.xtec.cat\/ceip-catalunya-sc\/wp-content\/uploads\/usu49\/2020\/02\/unm\u00f3ndecontes1-300x225.jpg\" alt=\"\" width=\"300\" height=\"225\" srcset=\"https:\/\/agora.xtec.cat\/ceip-catalunya-sc\/wp-content\/uploads\/usu49\/2020\/02\/unm\u00f3ndecontes1-300x225.jpg 300w, https:\/\/agora.xtec.cat\/ceip-catalunya-sc\/wp-content\/uploads\/usu49\/2020\/02\/unm\u00f3ndecontes1-200x150.jpg 200w, https:\/\/agora.xtec.cat\/ceip-catalunya-sc\/wp-content\/uploads\/usu49\/2020\/02\/unm\u00f3ndecontes1.jpg 754w\" sizes=\"auto, (max-width: 300px) 100vw, 300px\" \/><\/a><\/p>\n<p><a href=\"https:\/\/agora.xtec.cat\/ceip-catalunya-sc\/wp-content\/uploads\/usu49\/2020\/02\/unm\u00f3ndecontes2.jpg\"><img loading=\"lazy\" decoding=\"async\" class=\"alignnone size-medium wp-image-1256\" src=\"https:\/\/agora.xtec.cat\/ceip-catalunya-sc\/wp-content\/uploads\/usu49\/2020\/02\/unm\u00f3ndecontes2-300x225.jpg\" alt=\"\" width=\"300\" height=\"225\" srcset=\"https:\/\/agora.xtec.cat\/ceip-catalunya-sc\/wp-content\/uploads\/usu49\/2020\/02\/unm\u00f3ndecontes2-300x225.jpg 300w, https:\/\/agora.xtec.cat\/ceip-catalunya-sc\/wp-content\/uploads\/usu49\/2020\/02\/unm\u00f3ndecontes2-200x150.jpg 200w, https:\/\/agora.xtec.cat\/ceip-catalunya-sc\/wp-content\/uploads\/usu49\/2020\/02\/unm\u00f3ndecontes2.jpg 761w\" sizes=\"auto, (max-width: 300px) 100vw, 300px\" \/><\/a><\/p>\n<p><b><i>BIODIVERSITAT<\/i><\/b><\/p>\n<p><span style=\"font-weight: 400;\">Iniciem un escaperoom adaptat a les edats dels infants. El follet del Catalunya est\u00e0 trist i tancat, i l\u2019hem d\u2019animar a que torni a sortir, gaudir i cuidar l\u2019hort i els animals que hi conviuen.<\/span><\/p>\n<p><span style=\"font-weight: 400;\">Durant les dues setmanes que dura el taller, s\u2019introdueix la biodiversitat de l\u2019hort a partir de diversos reptes, aconseguint un d\u00edgit en finalitzar cada sessi\u00f3 (que s\u2019utilitza en un candau en finalitzar la quarta sessi\u00f3).\u00a0\u00a0<\/span><\/p>\n<p><a href=\"https:\/\/agora.xtec.cat\/ceip-catalunya-sc\/wp-content\/uploads\/usu49\/2020\/02\/biodiversitat1.jpg\"><img loading=\"lazy\" decoding=\"async\" class=\"alignnone wp-image-1257 size-medium\" src=\"https:\/\/agora.xtec.cat\/ceip-catalunya-sc\/wp-content\/uploads\/usu49\/2020\/02\/biodiversitat1-e1581076616616-226x300.jpg\" alt=\"\" width=\"226\" height=\"300\" srcset=\"https:\/\/agora.xtec.cat\/ceip-catalunya-sc\/wp-content\/uploads\/usu49\/2020\/02\/biodiversitat1-e1581076616616-226x300.jpg 226w, https:\/\/agora.xtec.cat\/ceip-catalunya-sc\/wp-content\/uploads\/usu49\/2020\/02\/biodiversitat1-e1581076616616.jpg 693w\" sizes=\"auto, (max-width: 226px) 100vw, 226px\" \/><\/a> <a href=\"https:\/\/agora.xtec.cat\/ceip-catalunya-sc\/wp-content\/uploads\/usu49\/2020\/02\/biodiversitat3.jpg\"><img loading=\"lazy\" decoding=\"async\" class=\"alignnone size-medium wp-image-1258\" src=\"https:\/\/agora.xtec.cat\/ceip-catalunya-sc\/wp-content\/uploads\/usu49\/2020\/02\/biodiversitat3-300x226.jpg\" alt=\"\" width=\"300\" height=\"226\" srcset=\"https:\/\/agora.xtec.cat\/ceip-catalunya-sc\/wp-content\/uploads\/usu49\/2020\/02\/biodiversitat3-300x226.jpg 300w, https:\/\/agora.xtec.cat\/ceip-catalunya-sc\/wp-content\/uploads\/usu49\/2020\/02\/biodiversitat3-768x579.jpg 768w, https:\/\/agora.xtec.cat\/ceip-catalunya-sc\/wp-content\/uploads\/usu49\/2020\/02\/biodiversitat3-200x150.jpg 200w, https:\/\/agora.xtec.cat\/ceip-catalunya-sc\/wp-content\/uploads\/usu49\/2020\/02\/biodiversitat3.jpg 875w\" sizes=\"auto, (max-width: 300px) 100vw, 300px\" \/><\/a><br \/>\n<b><i>A VEURE SI ENDEVINES QUI S\u00d3C?<\/i><\/b><\/p>\n<p><span style=\"font-weight: 400;\">L&#8217;objectiu principal d\u2019aquest taller \u00e9s animar els alumnes a\u00a0 expressar i a narrar amb veu alta: hist\u00f2ries inventades, contes tradicionals coneguts, esquetxos improvisats\u2026<\/span><\/p>\n<p><span style=\"font-weight: 400;\">Per a la qual cosa utilitzem diferents materials: jocs de daus motivadors d&#8217;hist\u00f2ries, titelles de dit, titelles de m\u00e0, atrezzo complementari, titelles d&#8217;emocions i molta imaginaci\u00f3.<\/span><\/p>\n<p><a href=\"https:\/\/agora.xtec.cat\/ceip-catalunya-sc\/wp-content\/uploads\/usu49\/2020\/02\/endevina1.jpg\"><img loading=\"lazy\" decoding=\"async\" class=\"alignnone size-medium wp-image-1259\" src=\"https:\/\/agora.xtec.cat\/ceip-catalunya-sc\/wp-content\/uploads\/usu49\/2020\/02\/endevina1-300x225.jpg\" alt=\"\" width=\"300\" height=\"225\" srcset=\"https:\/\/agora.xtec.cat\/ceip-catalunya-sc\/wp-content\/uploads\/usu49\/2020\/02\/endevina1-300x225.jpg 300w, https:\/\/agora.xtec.cat\/ceip-catalunya-sc\/wp-content\/uploads\/usu49\/2020\/02\/endevina1-200x150.jpg 200w, https:\/\/agora.xtec.cat\/ceip-catalunya-sc\/wp-content\/uploads\/usu49\/2020\/02\/endevina1.jpg 553w\" sizes=\"auto, (max-width: 300px) 100vw, 300px\" \/><\/a> <a href=\"https:\/\/agora.xtec.cat\/ceip-catalunya-sc\/wp-content\/uploads\/usu49\/2020\/02\/endevina3.jpg\"><img loading=\"lazy\" decoding=\"async\" class=\"alignnone size-medium wp-image-1260\" src=\"https:\/\/agora.xtec.cat\/ceip-catalunya-sc\/wp-content\/uploads\/usu49\/2020\/02\/endevina3-300x225.jpg\" alt=\"\" width=\"300\" height=\"225\" srcset=\"https:\/\/agora.xtec.cat\/ceip-catalunya-sc\/wp-content\/uploads\/usu49\/2020\/02\/endevina3-300x225.jpg 300w, https:\/\/agora.xtec.cat\/ceip-catalunya-sc\/wp-content\/uploads\/usu49\/2020\/02\/endevina3-200x150.jpg 200w, https:\/\/agora.xtec.cat\/ceip-catalunya-sc\/wp-content\/uploads\/usu49\/2020\/02\/endevina3.jpg 547w\" sizes=\"auto, (max-width: 300px) 100vw, 300px\" \/><\/a><\/p>\n<p><span style=\"font-weight: 400;\">Pretenem que aprenguin a parlar clar, articulant correctament, amb el volum adequat per fer-se entendre.\u00a0<\/span><\/p>\n<p><span style=\"font-weight: 400;\">Tamb\u00e9 els convidem a impostar la veu i sobretot busquem que perdin una mica la vergonya a l\u2019hora de parlar en p\u00fablic.<\/span><\/p>\n<p><span style=\"font-weight: 400;\">No \u00e9s un taller de teatre ni de titelles, \u00e9s un taller d&#8217;expressi\u00f3 oral estrictament.<\/span><\/p>\n<p><b><i>STOP-MOTION<\/i><\/b><\/p>\n<p><span style=\"font-weight: 400;\">El taller d\u2019Stop-motion t\u00e9 com a finalitat apropar als alumnes aquesta t\u00e8cnica cinematogr\u00e0fica, fomentant la creativitat i l\u2019autonomia.\u00a0<\/span><\/p>\n<p><span style=\"font-weight: 400;\">Plantegem un taller de car\u00e0cter pr\u00e0ctic on els nens i nenes es converteixen en creadors del seu propi curtmetratge d\u2019animaci\u00f3 en stop-motion. Els orientarem en l\u2019aprenentatge de les diferents fases de la realitzaci\u00f3 d\u2019una pe\u00e7a audiovisual d\u2019animaci\u00f3, de manera pr\u00e0ctica i divertida.\u00a0<\/span><\/p>\n<p><a href=\"https:\/\/agora.xtec.cat\/ceip-catalunya-sc\/wp-content\/uploads\/usu49\/2020\/02\/stopmotion1.jpg\"><img loading=\"lazy\" decoding=\"async\" class=\"alignnone size-medium wp-image-1261\" src=\"https:\/\/agora.xtec.cat\/ceip-catalunya-sc\/wp-content\/uploads\/usu49\/2020\/02\/stopmotion1-225x300.jpg\" alt=\"\" width=\"225\" height=\"300\" srcset=\"https:\/\/agora.xtec.cat\/ceip-catalunya-sc\/wp-content\/uploads\/usu49\/2020\/02\/stopmotion1-225x300.jpg 225w, https:\/\/agora.xtec.cat\/ceip-catalunya-sc\/wp-content\/uploads\/usu49\/2020\/02\/stopmotion1.jpg 720w\" sizes=\"auto, (max-width: 225px) 100vw, 225px\" \/><\/a> <a href=\"https:\/\/agora.xtec.cat\/ceip-catalunya-sc\/wp-content\/uploads\/usu49\/2020\/02\/stopmotion2.jpg\"><img loading=\"lazy\" decoding=\"async\" class=\"alignnone size-medium wp-image-1262\" src=\"https:\/\/agora.xtec.cat\/ceip-catalunya-sc\/wp-content\/uploads\/usu49\/2020\/02\/stopmotion2-224x300.jpg\" alt=\"\" width=\"224\" height=\"300\" srcset=\"https:\/\/agora.xtec.cat\/ceip-catalunya-sc\/wp-content\/uploads\/usu49\/2020\/02\/stopmotion2-224x300.jpg 224w, https:\/\/agora.xtec.cat\/ceip-catalunya-sc\/wp-content\/uploads\/usu49\/2020\/02\/stopmotion2.jpg 596w\" sizes=\"auto, (max-width: 224px) 100vw, 224px\" \/><\/a><\/p>\n<p><b><i>JOCS COOPERATIUS<\/i><\/b><\/p>\n<p><span style=\"font-weight: 400;\">Durant les sessions del taller de Jocs Cooperatius els nens i nenes de 1r a 3r es distribueixen a partir del joc de prefer\u00e8ncia i van rotant durant les seg\u00fcents sessions. Des del primer dia aprenen quina \u00e9s la finalitat del joc cooperatiu: anteposar el joc al triomf, facilitant la integraci\u00f3 i respectant les normes.<\/span><\/p>\n<p><span style=\"font-weight: 400;\">Tamb\u00e9 a escoltar l\u2019opini\u00f3 dels altres\u00a0 i ser capa\u00e7 de respectar el treball dels companys i ajudar-los per aconseguir un fi com\u00fa.<\/span><\/p>\n<p><a href=\"https:\/\/agora.xtec.cat\/ceip-catalunya-sc\/wp-content\/uploads\/usu49\/2020\/02\/jocscooperatius1.jpg\"><img loading=\"lazy\" decoding=\"async\" class=\"alignnone size-medium wp-image-1263\" src=\"https:\/\/agora.xtec.cat\/ceip-catalunya-sc\/wp-content\/uploads\/usu49\/2020\/02\/jocscooperatius1-300x225.jpg\" alt=\"\" width=\"300\" height=\"225\" srcset=\"https:\/\/agora.xtec.cat\/ceip-catalunya-sc\/wp-content\/uploads\/usu49\/2020\/02\/jocscooperatius1-300x225.jpg 300w, https:\/\/agora.xtec.cat\/ceip-catalunya-sc\/wp-content\/uploads\/usu49\/2020\/02\/jocscooperatius1-200x150.jpg 200w, https:\/\/agora.xtec.cat\/ceip-catalunya-sc\/wp-content\/uploads\/usu49\/2020\/02\/jocscooperatius1.jpg 660w\" sizes=\"auto, (max-width: 300px) 100vw, 300px\" \/><\/a> <a href=\"https:\/\/agora.xtec.cat\/ceip-catalunya-sc\/wp-content\/uploads\/usu49\/2020\/02\/jocscooperatius2.jpg\"><img loading=\"lazy\" decoding=\"async\" class=\"alignnone size-medium wp-image-1264\" src=\"https:\/\/agora.xtec.cat\/ceip-catalunya-sc\/wp-content\/uploads\/usu49\/2020\/02\/jocscooperatius2-300x225.jpg\" alt=\"\" width=\"300\" height=\"225\" srcset=\"https:\/\/agora.xtec.cat\/ceip-catalunya-sc\/wp-content\/uploads\/usu49\/2020\/02\/jocscooperatius2-300x225.jpg 300w, https:\/\/agora.xtec.cat\/ceip-catalunya-sc\/wp-content\/uploads\/usu49\/2020\/02\/jocscooperatius2-768x576.jpg 768w, https:\/\/agora.xtec.cat\/ceip-catalunya-sc\/wp-content\/uploads\/usu49\/2020\/02\/jocscooperatius2-200x150.jpg 200w, https:\/\/agora.xtec.cat\/ceip-catalunya-sc\/wp-content\/uploads\/usu49\/2020\/02\/jocscooperatius2.jpg 871w\" sizes=\"auto, (max-width: 300px) 100vw, 300px\" \/><\/a><br \/>\n<b><i><\/i><\/b><\/p>\n<p><b><i>ARTS AND CRAFTS<\/i><\/b><\/p>\n<p><span style=\"font-weight: 400;\">Apropament dels infants al m\u00f3n de l\u2019art contemporani, a partir de les obres de dues autores de l\u2019actualitat, utilitzant l\u2019angl\u00e8s \u00a0 com a llengua vehicular.<\/span><\/p>\n<p><a href=\"https:\/\/agora.xtec.cat\/ceip-catalunya-sc\/wp-content\/uploads\/usu49\/2020\/02\/art1.jpg\"><img loading=\"lazy\" decoding=\"async\" class=\"alignnone size-medium wp-image-1265\" src=\"https:\/\/agora.xtec.cat\/ceip-catalunya-sc\/wp-content\/uploads\/usu49\/2020\/02\/art1-300x225.jpg\" alt=\"\" width=\"300\" height=\"225\" srcset=\"https:\/\/agora.xtec.cat\/ceip-catalunya-sc\/wp-content\/uploads\/usu49\/2020\/02\/art1-300x225.jpg 300w, https:\/\/agora.xtec.cat\/ceip-catalunya-sc\/wp-content\/uploads\/usu49\/2020\/02\/art1-200x150.jpg 200w, https:\/\/agora.xtec.cat\/ceip-catalunya-sc\/wp-content\/uploads\/usu49\/2020\/02\/art1.jpg 704w\" sizes=\"auto, (max-width: 300px) 100vw, 300px\" \/><\/a> <a href=\"https:\/\/agora.xtec.cat\/ceip-catalunya-sc\/wp-content\/uploads\/usu49\/2020\/02\/art2.jpg\"><img loading=\"lazy\" decoding=\"async\" class=\"alignnone size-medium wp-image-1266\" src=\"https:\/\/agora.xtec.cat\/ceip-catalunya-sc\/wp-content\/uploads\/usu49\/2020\/02\/art2-300x169.jpg\" alt=\"\" width=\"300\" height=\"169\" srcset=\"https:\/\/agora.xtec.cat\/ceip-catalunya-sc\/wp-content\/uploads\/usu49\/2020\/02\/art2-300x169.jpg 300w, https:\/\/agora.xtec.cat\/ceip-catalunya-sc\/wp-content\/uploads\/usu49\/2020\/02\/art2-768x432.jpg 768w, https:\/\/agora.xtec.cat\/ceip-catalunya-sc\/wp-content\/uploads\/usu49\/2020\/02\/art2-1024x576.jpg 1024w, https:\/\/agora.xtec.cat\/ceip-catalunya-sc\/wp-content\/uploads\/usu49\/2020\/02\/art2.jpg 1280w\" sizes=\"auto, (max-width: 300px) 100vw, 300px\" \/><\/a><\/p>\n<p><b><i>EXPERIMENTEM AMB L\u2019AIGUA<\/i><\/b><\/p>\n<p><span style=\"font-weight: 400;\">El taller de ci\u00e8ncies permet als nens i nenes aproximar-se al m\u00e8tode cient\u00edfic, fent \u00fasde l\u2019experimentaci\u00f3 com a m\u00e8tode d\u2019ensenyament aprenentatge. Preparant, fent hip\u00f2tesi, experimentant, observant i verificant la realitat.<\/span><\/p>\n<p><a href=\"https:\/\/agora.xtec.cat\/ceip-catalunya-sc\/wp-content\/uploads\/usu49\/2020\/02\/cientific1.jpg\"><img loading=\"lazy\" decoding=\"async\" class=\"alignnone size-medium wp-image-1267\" src=\"https:\/\/agora.xtec.cat\/ceip-catalunya-sc\/wp-content\/uploads\/usu49\/2020\/02\/cientific1-300x226.jpg\" alt=\"\" width=\"300\" height=\"226\" srcset=\"https:\/\/agora.xtec.cat\/ceip-catalunya-sc\/wp-content\/uploads\/usu49\/2020\/02\/cientific1-300x226.jpg 300w, https:\/\/agora.xtec.cat\/ceip-catalunya-sc\/wp-content\/uploads\/usu49\/2020\/02\/cientific1-768x579.jpg 768w, https:\/\/agora.xtec.cat\/ceip-catalunya-sc\/wp-content\/uploads\/usu49\/2020\/02\/cientific1-200x150.jpg 200w, https:\/\/agora.xtec.cat\/ceip-catalunya-sc\/wp-content\/uploads\/usu49\/2020\/02\/cientific1.jpg 967w\" sizes=\"auto, (max-width: 300px) 100vw, 300px\" \/><\/a> <a href=\"https:\/\/agora.xtec.cat\/ceip-catalunya-sc\/wp-content\/uploads\/usu49\/2020\/02\/cientific2.jpg\"><img loading=\"lazy\" decoding=\"async\" class=\"alignnone size-medium wp-image-1268\" src=\"https:\/\/agora.xtec.cat\/ceip-catalunya-sc\/wp-content\/uploads\/usu49\/2020\/02\/cientific2-300x226.jpg\" alt=\"\" width=\"300\" height=\"226\" srcset=\"https:\/\/agora.xtec.cat\/ceip-catalunya-sc\/wp-content\/uploads\/usu49\/2020\/02\/cientific2-300x226.jpg 300w, https:\/\/agora.xtec.cat\/ceip-catalunya-sc\/wp-content\/uploads\/usu49\/2020\/02\/cientific2-768x578.jpg 768w, https:\/\/agora.xtec.cat\/ceip-catalunya-sc\/wp-content\/uploads\/usu49\/2020\/02\/cientific2-200x150.jpg 200w, https:\/\/agora.xtec.cat\/ceip-catalunya-sc\/wp-content\/uploads\/usu49\/2020\/02\/cientific2.jpg 871w\" sizes=\"auto, (max-width: 300px) 100vw, 300px\" \/><\/a><\/p>\n<p><strong>DANSEM! (v\u00eddeo<a href=\"https:\/\/drive.google.com\/file\/d\/1-SfnGHjNqWNBxzrb4zxlAovNLLwKvBRd\/view?usp=sharing\"> AQU\u00cd<\/a>)<\/strong><\/p>\n<p><span style=\"font-weight: 400;\">Des del taller de dansa pensem que moure el cos es desvetlla la ment. En aquests taller despertem habilitats r\u00edtmiques i art\u00edstiques mitjan\u00e7ant\u00a0la dansa tradicional d&#8217;arreu del m\u00f3n. Ballem: CIRCASSIEN CIRCLE (Irlanda), JINGLE BELLS (americ\u00e0), SHUAMI T`KADIN ( Israel), DANSA DEL CAL\u00c7\u00d3 (Catalunya).<\/span><\/p>\n<p>&nbsp;<\/p>\n","protected":false},"excerpt":{"rendered":"<p>Durant aquest curs, a la comunitat de mitjans, estem realitzant diferents tallers que ens permeten treballar de manera interdisciplinar. S\u00f3n unes sessions on es desenvolupen diferents continguts potenciant la creativitat, l\u2019autonomia i la cooperaci\u00f3 treballant conjuntament alumnes de 1r, 2n i 3r. A continuaci\u00f3 us fem una breu explicaci\u00f3 de cada un d\u2019ells: MATEM\u00c0GIQUES En [&hellip;]<\/p>\n","protected":false},"author":1,"featured_media":1265,"comment_status":"open","ping_status":"closed","sticky":false,"template":"","format":"standard","meta":{"_bbp_topic_count":0,"_bbp_reply_count":0,"_bbp_total_topic_count":0,"_bbp_total_reply_count":0,"_bbp_voice_count":0,"_bbp_anonymous_reply_count":0,"_bbp_topic_count_hidden":0,"_bbp_reply_count_hidden":0,"_bbp_forum_subforum_count":0,"site-sidebar-layout":"default","site-content-layout":"","ast-site-content-layout":"","site-content-style":"default","site-sidebar-style":"default","ast-global-header-display":"","ast-banner-title-visibility":"","ast-main-header-display":"","ast-hfb-above-header-display":"","ast-hfb-below-header-display":"","ast-hfb-mobile-header-display":"","site-post-title":"","ast-breadcrumbs-content":"","ast-featured-img":"","footer-sml-layout":"","theme-transparent-header-meta":"","adv-header-id-meta":"","stick-header-meta":"","header-above-stick-meta":"","header-main-stick-meta":"","header-below-stick-meta":"","astra-migrate-meta-layouts":"default","ast-page-background-enabled":"default","ast-page-background-meta":{"desktop":{"background-color":"var(--ast-global-color-4)","background-image":"","background-repeat":"repeat","background-position":"center center","background-size":"auto","background-attachment":"scroll","background-type":"","background-media":"","overlay-type":"","overlay-color":"","overlay-opacity":"","overlay-gradient":""},"tablet":{"background-color":"","background-image":"","background-repeat":"repeat","background-position":"center center","background-size":"auto","background-attachment":"scroll","background-type":"","background-media":"","overlay-type":"","overlay-color":"","overlay-opacity":"","overlay-gradient":""},"mobile":{"background-color":"","background-image":"","background-repeat":"repeat","background-position":"center center","background-size":"auto","background-attachment":"scroll","background-type":"","background-media":"","overlay-type":"","overlay-color":"","overlay-opacity":"","overlay-gradient":""}},"ast-content-background-meta":{"desktop":{"background-color":"var(--ast-global-color-5)","background-image":"","background-repeat":"repeat","background-position":"center center","background-size":"auto","background-attachment":"scroll","background-type":"","background-media":"","overlay-type":"","overlay-color":"","overlay-opacity":"","overlay-gradient":""},"tablet":{"background-color":"var(--ast-global-color-5)","background-image":"","background-repeat":"repeat","background-position":"center center","background-size":"auto","background-attachment":"scroll","background-type":"","background-media":"","overlay-type":"","overlay-color":"","overlay-opacity":"","overlay-gradient":""},"mobile":{"background-color":"var(--ast-global-color-5)","background-image":"","background-repeat":"repeat","background-position":"center center","background-size":"auto","background-attachment":"scroll","background-type":"","background-media":"","overlay-type":"","overlay-color":"","overlay-opacity":"","overlay-gradient":""}},"footnotes":""},"categories":[10,11,12,4,5],"tags":[],"class_list":["post-1252","post","type-post","status-publish","format-standard","has-post-thumbnail","hentry","category-1r","category-2n","category-3r","category-portada","category-primaria"],"post_mailing_queue_ids":[],"_links":{"self":[{"href":"https:\/\/agora.xtec.cat\/ceip-catalunya-sc\/wp-json\/wp\/v2\/posts\/1252","targetHints":{"allow":["GET"]}}],"collection":[{"href":"https:\/\/agora.xtec.cat\/ceip-catalunya-sc\/wp-json\/wp\/v2\/posts"}],"about":[{"href":"https:\/\/agora.xtec.cat\/ceip-catalunya-sc\/wp-json\/wp\/v2\/types\/post"}],"author":[{"embeddable":true,"href":"https:\/\/agora.xtec.cat\/ceip-catalunya-sc\/wp-json\/wp\/v2\/users\/1"}],"replies":[{"embeddable":true,"href":"https:\/\/agora.xtec.cat\/ceip-catalunya-sc\/wp-json\/wp\/v2\/comments?post=1252"}],"version-history":[{"count":1,"href":"https:\/\/agora.xtec.cat\/ceip-catalunya-sc\/wp-json\/wp\/v2\/posts\/1252\/revisions"}],"predecessor-version":[{"id":1269,"href":"https:\/\/agora.xtec.cat\/ceip-catalunya-sc\/wp-json\/wp\/v2\/posts\/1252\/revisions\/1269"}],"wp:featuredmedia":[{"embeddable":true,"href":"https:\/\/agora.xtec.cat\/ceip-catalunya-sc\/wp-json\/wp\/v2\/media\/1265"}],"wp:attachment":[{"href":"https:\/\/agora.xtec.cat\/ceip-catalunya-sc\/wp-json\/wp\/v2\/media?parent=1252"}],"wp:term":[{"taxonomy":"category","embeddable":true,"href":"https:\/\/agora.xtec.cat\/ceip-catalunya-sc\/wp-json\/wp\/v2\/categories?post=1252"},{"taxonomy":"post_tag","embeddable":true,"href":"https:\/\/agora.xtec.cat\/ceip-catalunya-sc\/wp-json\/wp\/v2\/tags?post=1252"}],"curies":[{"name":"wp","href":"https:\/\/api.w.org\/{rel}","templated":true}]}}