{"id":1202,"date":"2019-10-30T09:28:07","date_gmt":"2019-10-30T08:28:07","guid":{"rendered":"https:\/\/agora.xtec.cat\/ceip-catalunya-sc\/?p=1202"},"modified":"2019-10-30T09:28:07","modified_gmt":"2019-10-30T08:28:07","slug":"estrenem-biblioteca","status":"publish","type":"post","link":"https:\/\/agora.xtec.cat\/ceip-catalunya-sc\/portada\/estrenem-biblioteca\/","title":{"rendered":"Estrenem biblioteca!"},"content":{"rendered":"<p>Divendres 25 d&#8217;octubre vam inaugurar la nova biblioteca de l&#8217;escola.<\/p>\n<p>Durant el curs passat, la comissi\u00f3 de biblioteca, va participar a la #bibliorevoluci\u00f3 amb la Fundaci\u00f3 Bofill.<\/p>\n<p>D&#8217;aquest projecte es va veure la necessitat de la comunitat educativa de crear un nou espai de biblioteca-mediateca, un espai ampli, on poder tenir espai per a la recerca i el treball i un altre espai de lectura tranquil\u00b7la. Despr\u00e9s de la implicaci\u00f3 de fam\u00edlies i mestres en la remodelaci\u00f3 de l&#8217;espai, aquest curs podem estrenar un espai nou tant en horari de migdia (per als alumnes que es queden a dinar) com biblioteca de tarda.<\/p>\n<p>Felicitem molt a la comissi\u00f3 mixta de biblioteca per la festa que van preparar, amb visites guiades a la nova biblio, explicaci\u00f3 del proc\u00e9s de transformaci\u00f3 i canvi de l&#8217;espai i de l&#8217;objectiu d&#8217;aquest, i per l&#8217;espectacle de poesia i m\u00fasica, i el berenar literari que es va oferir des de l&#8217;AFA.<\/p>\n<p>Moltes gr\u00e0cies a tothom pel vostre esfor\u00e7 i treball, i ara, a gaudir del nou espai, dels nous recursos i dels nous usos de la biblioteca!.<\/p>\n<p><a href=\"https:\/\/agora.xtec.cat\/ceip-catalunya-sc\/wp-content\/uploads\/usu49\/2019\/10\/IMG-20191025-WA0005.jpg\"><img loading=\"lazy\" decoding=\"async\" class=\"alignnone size-medium wp-image-1204\" src=\"https:\/\/agora.xtec.cat\/ceip-catalunya-sc\/wp-content\/uploads\/usu49\/2019\/10\/IMG-20191025-WA0005-300x169.jpg\" alt=\"\" width=\"300\" height=\"169\" srcset=\"https:\/\/agora.xtec.cat\/ceip-catalunya-sc\/wp-content\/uploads\/usu49\/2019\/10\/IMG-20191025-WA0005-300x169.jpg 300w, https:\/\/agora.xtec.cat\/ceip-catalunya-sc\/wp-content\/uploads\/usu49\/2019\/10\/IMG-20191025-WA0005-768x432.jpg 768w, https:\/\/agora.xtec.cat\/ceip-catalunya-sc\/wp-content\/uploads\/usu49\/2019\/10\/IMG-20191025-WA0005-1024x576.jpg 1024w, https:\/\/agora.xtec.cat\/ceip-catalunya-sc\/wp-content\/uploads\/usu49\/2019\/10\/IMG-20191025-WA0005.jpg 1600w\" sizes=\"auto, (max-width: 300px) 100vw, 300px\" \/><\/a> <a href=\"https:\/\/agora.xtec.cat\/ceip-catalunya-sc\/wp-content\/uploads\/usu49\/2019\/10\/IMG-20191025-WA0008.jpg\"><img loading=\"lazy\" decoding=\"async\" class=\"alignnone size-medium wp-image-1205\" src=\"https:\/\/agora.xtec.cat\/ceip-catalunya-sc\/wp-content\/uploads\/usu49\/2019\/10\/IMG-20191025-WA0008-300x225.jpg\" alt=\"\" width=\"300\" height=\"225\" srcset=\"https:\/\/agora.xtec.cat\/ceip-catalunya-sc\/wp-content\/uploads\/usu49\/2019\/10\/IMG-20191025-WA0008-300x225.jpg 300w, https:\/\/agora.xtec.cat\/ceip-catalunya-sc\/wp-content\/uploads\/usu49\/2019\/10\/IMG-20191025-WA0008-768x576.jpg 768w, https:\/\/agora.xtec.cat\/ceip-catalunya-sc\/wp-content\/uploads\/usu49\/2019\/10\/IMG-20191025-WA0008-1024x768.jpg 1024w, https:\/\/agora.xtec.cat\/ceip-catalunya-sc\/wp-content\/uploads\/usu49\/2019\/10\/IMG-20191025-WA0008-200x150.jpg 200w, https:\/\/agora.xtec.cat\/ceip-catalunya-sc\/wp-content\/uploads\/usu49\/2019\/10\/IMG-20191025-WA0008.jpg 1600w\" sizes=\"auto, (max-width: 300px) 100vw, 300px\" \/><\/a><a href=\"https:\/\/agora.xtec.cat\/ceip-catalunya-sc\/wp-content\/uploads\/usu49\/2019\/10\/IMG-20191025-WA0009.jpg\"><img loading=\"lazy\" decoding=\"async\" class=\"alignnone size-medium wp-image-1203\" src=\"https:\/\/agora.xtec.cat\/ceip-catalunya-sc\/wp-content\/uploads\/usu49\/2019\/10\/IMG-20191025-WA0009-300x225.jpg\" alt=\"\" width=\"300\" height=\"225\" srcset=\"https:\/\/agora.xtec.cat\/ceip-catalunya-sc\/wp-content\/uploads\/usu49\/2019\/10\/IMG-20191025-WA0009-300x225.jpg 300w, https:\/\/agora.xtec.cat\/ceip-catalunya-sc\/wp-content\/uploads\/usu49\/2019\/10\/IMG-20191025-WA0009-768x576.jpg 768w, https:\/\/agora.xtec.cat\/ceip-catalunya-sc\/wp-content\/uploads\/usu49\/2019\/10\/IMG-20191025-WA0009-1024x768.jpg 1024w, https:\/\/agora.xtec.cat\/ceip-catalunya-sc\/wp-content\/uploads\/usu49\/2019\/10\/IMG-20191025-WA0009-200x150.jpg 200w, https:\/\/agora.xtec.cat\/ceip-catalunya-sc\/wp-content\/uploads\/usu49\/2019\/10\/IMG-20191025-WA0009.jpg 1600w\" sizes=\"auto, (max-width: 300px) 100vw, 300px\" \/><\/a><\/p>\n","protected":false},"excerpt":{"rendered":"<p>Divendres 25 d&#8217;octubre vam inaugurar la nova biblioteca de l&#8217;escola. Durant el curs passat, la comissi\u00f3 de biblioteca, va participar a la #bibliorevoluci\u00f3 amb la Fundaci\u00f3 Bofill. D&#8217;aquest projecte es va veure la necessitat de la comunitat educativa de crear un nou espai de biblioteca-mediateca, un espai ampli, on poder tenir espai per a la [&hellip;]<\/p>\n","protected":false},"author":1,"featured_media":1204,"comment_status":"open","ping_status":"closed","sticky":false,"template":"","format":"standard","meta":{"_bbp_topic_count":0,"_bbp_reply_count":0,"_bbp_total_topic_count":0,"_bbp_total_reply_count":0,"_bbp_voice_count":0,"_bbp_anonymous_reply_count":0,"_bbp_topic_count_hidden":0,"_bbp_reply_count_hidden":0,"_bbp_forum_subforum_count":0,"site-sidebar-layout":"default","site-content-layout":"","ast-site-content-layout":"","site-content-style":"default","site-sidebar-style":"default","ast-global-header-display":"","ast-banner-title-visibility":"","ast-main-header-display":"","ast-hfb-above-header-display":"","ast-hfb-below-header-display":"","ast-hfb-mobile-header-display":"","site-post-title":"","ast-breadcrumbs-content":"","ast-featured-img":"","footer-sml-layout":"","theme-transparent-header-meta":"","adv-header-id-meta":"","stick-header-meta":"","header-above-stick-meta":"","header-main-stick-meta":"","header-below-stick-meta":"","astra-migrate-meta-layouts":"default","ast-page-background-enabled":"default","ast-page-background-meta":{"desktop":{"background-color":"var(--ast-global-color-4)","background-image":"","background-repeat":"repeat","background-position":"center center","background-size":"auto","background-attachment":"scroll","background-type":"","background-media":"","overlay-type":"","overlay-color":"","overlay-opacity":"","overlay-gradient":""},"tablet":{"background-color":"","background-image":"","background-repeat":"repeat","background-position":"center center","background-size":"auto","background-attachment":"scroll","background-type":"","background-media":"","overlay-type":"","overlay-color":"","overlay-opacity":"","overlay-gradient":""},"mobile":{"background-color":"","background-image":"","background-repeat":"repeat","background-position":"center center","background-size":"auto","background-attachment":"scroll","background-type":"","background-media":"","overlay-type":"","overlay-color":"","overlay-opacity":"","overlay-gradient":""}},"ast-content-background-meta":{"desktop":{"background-color":"var(--ast-global-color-5)","background-image":"","background-repeat":"repeat","background-position":"center center","background-size":"auto","background-attachment":"scroll","background-type":"","background-media":"","overlay-type":"","overlay-color":"","overlay-opacity":"","overlay-gradient":""},"tablet":{"background-color":"var(--ast-global-color-5)","background-image":"","background-repeat":"repeat","background-position":"center center","background-size":"auto","background-attachment":"scroll","background-type":"","background-media":"","overlay-type":"","overlay-color":"","overlay-opacity":"","overlay-gradient":""},"mobile":{"background-color":"var(--ast-global-color-5)","background-image":"","background-repeat":"repeat","background-position":"center center","background-size":"auto","background-attachment":"scroll","background-type":"","background-media":"","overlay-type":"","overlay-color":"","overlay-opacity":"","overlay-gradient":""}},"footnotes":""},"categories":[4],"tags":[],"class_list":["post-1202","post","type-post","status-publish","format-standard","has-post-thumbnail","hentry","category-portada"],"post_mailing_queue_ids":[],"_links":{"self":[{"href":"https:\/\/agora.xtec.cat\/ceip-catalunya-sc\/wp-json\/wp\/v2\/posts\/1202","targetHints":{"allow":["GET"]}}],"collection":[{"href":"https:\/\/agora.xtec.cat\/ceip-catalunya-sc\/wp-json\/wp\/v2\/posts"}],"about":[{"href":"https:\/\/agora.xtec.cat\/ceip-catalunya-sc\/wp-json\/wp\/v2\/types\/post"}],"author":[{"embeddable":true,"href":"https:\/\/agora.xtec.cat\/ceip-catalunya-sc\/wp-json\/wp\/v2\/users\/1"}],"replies":[{"embeddable":true,"href":"https:\/\/agora.xtec.cat\/ceip-catalunya-sc\/wp-json\/wp\/v2\/comments?post=1202"}],"version-history":[{"count":1,"href":"https:\/\/agora.xtec.cat\/ceip-catalunya-sc\/wp-json\/wp\/v2\/posts\/1202\/revisions"}],"predecessor-version":[{"id":1206,"href":"https:\/\/agora.xtec.cat\/ceip-catalunya-sc\/wp-json\/wp\/v2\/posts\/1202\/revisions\/1206"}],"wp:featuredmedia":[{"embeddable":true,"href":"https:\/\/agora.xtec.cat\/ceip-catalunya-sc\/wp-json\/wp\/v2\/media\/1204"}],"wp:attachment":[{"href":"https:\/\/agora.xtec.cat\/ceip-catalunya-sc\/wp-json\/wp\/v2\/media?parent=1202"}],"wp:term":[{"taxonomy":"category","embeddable":true,"href":"https:\/\/agora.xtec.cat\/ceip-catalunya-sc\/wp-json\/wp\/v2\/categories?post=1202"},{"taxonomy":"post_tag","embeddable":true,"href":"https:\/\/agora.xtec.cat\/ceip-catalunya-sc\/wp-json\/wp\/v2\/tags?post=1202"}],"curies":[{"name":"wp","href":"https:\/\/api.w.org\/{rel}","templated":true}]}}