{"id":1066,"date":"2019-05-10T17:48:46","date_gmt":"2019-05-10T15:48:46","guid":{"rendered":"http:\/\/agora.xtec.cat\/ceip-catalunya-sc\/?p=1066"},"modified":"2019-05-10T17:48:46","modified_gmt":"2019-05-10T15:48:46","slug":"bricolatge-a-lescola","status":"publish","type":"post","link":"https:\/\/agora.xtec.cat\/ceip-catalunya-sc\/portada\/bricolatge-a-lescola\/","title":{"rendered":"Bricolatge a l&#8217;escola"},"content":{"rendered":"<p>El passat diumenge 5 de maig la comissi\u00f3 d&#8217;espais de l&#8217;escola va organitzar les jornades de bricolatge.<\/p>\n<p>Algunes de les actuacions que es van fer van ser:<\/p>\n<ul>\n<li>protegir la tanca del pati de l&#8217;hort<\/li>\n<li>crear un espai exterior de lectura i biblioteca (amb bancs, carros de llibres amb rodes, prestatge per a l&#8217;intercanvi de llibres&#8230;)<\/li>\n<li>un cotxe per al sorral del pati<\/li>\n<li>posar les rodes-seient a les taules<\/li>\n<li>&#8230;..<\/li>\n<\/ul>\n<p>I tot aix\u00f2 amenitzat amb un bon dinar compartit i una estona ben agradable de jocs i converses entre petits i grans!.<\/p>\n<p>Gr\u00e0cies comissi\u00f3 i gr\u00e0cies a les fam\u00edlies que van venir a col\u00b7laborar-hi!.\u00a0<a href=\"https:\/\/agora.xtec.cat\/ceip-catalunya-sc\/wp-content\/uploads\/usu49\/2019\/05\/IMG-20190505-WA0014.jpg\"><img loading=\"lazy\" decoding=\"async\" class=\"alignnone size-medium wp-image-1070\" src=\"https:\/\/agora.xtec.cat\/ceip-catalunya-sc\/wp-content\/uploads\/usu49\/2019\/05\/IMG-20190505-WA0014-300x169.jpg\" alt=\"\" width=\"300\" height=\"169\" srcset=\"https:\/\/agora.xtec.cat\/ceip-catalunya-sc\/wp-content\/uploads\/usu49\/2019\/05\/IMG-20190505-WA0014-300x169.jpg 300w, https:\/\/agora.xtec.cat\/ceip-catalunya-sc\/wp-content\/uploads\/usu49\/2019\/05\/IMG-20190505-WA0014-768x432.jpg 768w, https:\/\/agora.xtec.cat\/ceip-catalunya-sc\/wp-content\/uploads\/usu49\/2019\/05\/IMG-20190505-WA0014-1024x576.jpg 1024w, https:\/\/agora.xtec.cat\/ceip-catalunya-sc\/wp-content\/uploads\/usu49\/2019\/05\/IMG-20190505-WA0014.jpg 1600w\" sizes=\"auto, (max-width: 300px) 100vw, 300px\" \/><\/a> <a href=\"https:\/\/agora.xtec.cat\/ceip-catalunya-sc\/wp-content\/uploads\/usu49\/2019\/05\/IMG-20190505-WA0015.jpg\"><img loading=\"lazy\" decoding=\"async\" class=\"alignnone size-medium wp-image-1072\" src=\"https:\/\/agora.xtec.cat\/ceip-catalunya-sc\/wp-content\/uploads\/usu49\/2019\/05\/IMG-20190505-WA0015-300x169.jpg\" alt=\"\" width=\"300\" height=\"169\" srcset=\"https:\/\/agora.xtec.cat\/ceip-catalunya-sc\/wp-content\/uploads\/usu49\/2019\/05\/IMG-20190505-WA0015-300x169.jpg 300w, https:\/\/agora.xtec.cat\/ceip-catalunya-sc\/wp-content\/uploads\/usu49\/2019\/05\/IMG-20190505-WA0015-768x432.jpg 768w, https:\/\/agora.xtec.cat\/ceip-catalunya-sc\/wp-content\/uploads\/usu49\/2019\/05\/IMG-20190505-WA0015-1024x576.jpg 1024w, https:\/\/agora.xtec.cat\/ceip-catalunya-sc\/wp-content\/uploads\/usu49\/2019\/05\/IMG-20190505-WA0015.jpg 1600w\" sizes=\"auto, (max-width: 300px) 100vw, 300px\" \/><\/a><a href=\"https:\/\/agora.xtec.cat\/ceip-catalunya-sc\/wp-content\/uploads\/usu49\/2019\/05\/IMG-20190505-WA0013.jpg\"><img loading=\"lazy\" decoding=\"async\" class=\"alignnone size-medium wp-image-1068\" src=\"https:\/\/agora.xtec.cat\/ceip-catalunya-sc\/wp-content\/uploads\/usu49\/2019\/05\/IMG-20190505-WA0013-300x169.jpg\" alt=\"\" width=\"300\" height=\"169\" srcset=\"https:\/\/agora.xtec.cat\/ceip-catalunya-sc\/wp-content\/uploads\/usu49\/2019\/05\/IMG-20190505-WA0013-300x169.jpg 300w, https:\/\/agora.xtec.cat\/ceip-catalunya-sc\/wp-content\/uploads\/usu49\/2019\/05\/IMG-20190505-WA0013-768x432.jpg 768w, https:\/\/agora.xtec.cat\/ceip-catalunya-sc\/wp-content\/uploads\/usu49\/2019\/05\/IMG-20190505-WA0013-1024x576.jpg 1024w, https:\/\/agora.xtec.cat\/ceip-catalunya-sc\/wp-content\/uploads\/usu49\/2019\/05\/IMG-20190505-WA0013.jpg 1600w\" sizes=\"auto, (max-width: 300px) 100vw, 300px\" \/><\/a><\/p>\n","protected":false},"excerpt":{"rendered":"<p>El passat diumenge 5 de maig la comissi\u00f3 d&#8217;espais de l&#8217;escola va organitzar les jornades de bricolatge. Algunes de les actuacions que es van fer van ser: protegir la tanca del pati de l&#8217;hort crear un espai exterior de lectura i biblioteca (amb bancs, carros de llibres amb rodes, prestatge per a l&#8217;intercanvi de llibres&#8230;) [&hellip;]<\/p>\n","protected":false},"author":1,"featured_media":1069,"comment_status":"open","ping_status":"closed","sticky":false,"template":"","format":"standard","meta":{"_bbp_topic_count":0,"_bbp_reply_count":0,"_bbp_total_topic_count":0,"_bbp_total_reply_count":0,"_bbp_voice_count":0,"_bbp_anonymous_reply_count":0,"_bbp_topic_count_hidden":0,"_bbp_reply_count_hidden":0,"_bbp_forum_subforum_count":0,"site-sidebar-layout":"default","site-content-layout":"","ast-site-content-layout":"","site-content-style":"default","site-sidebar-style":"default","ast-global-header-display":"","ast-banner-title-visibility":"","ast-main-header-display":"","ast-hfb-above-header-display":"","ast-hfb-below-header-display":"","ast-hfb-mobile-header-display":"","site-post-title":"","ast-breadcrumbs-content":"","ast-featured-img":"","footer-sml-layout":"","theme-transparent-header-meta":"","adv-header-id-meta":"","stick-header-meta":"","header-above-stick-meta":"","header-main-stick-meta":"","header-below-stick-meta":"","astra-migrate-meta-layouts":"default","ast-page-background-enabled":"default","ast-page-background-meta":{"desktop":{"background-color":"var(--ast-global-color-4)","background-image":"","background-repeat":"repeat","background-position":"center center","background-size":"auto","background-attachment":"scroll","background-type":"","background-media":"","overlay-type":"","overlay-color":"","overlay-opacity":"","overlay-gradient":""},"tablet":{"background-color":"","background-image":"","background-repeat":"repeat","background-position":"center center","background-size":"auto","background-attachment":"scroll","background-type":"","background-media":"","overlay-type":"","overlay-color":"","overlay-opacity":"","overlay-gradient":""},"mobile":{"background-color":"","background-image":"","background-repeat":"repeat","background-position":"center center","background-size":"auto","background-attachment":"scroll","background-type":"","background-media":"","overlay-type":"","overlay-color":"","overlay-opacity":"","overlay-gradient":""}},"ast-content-background-meta":{"desktop":{"background-color":"var(--ast-global-color-5)","background-image":"","background-repeat":"repeat","background-position":"center center","background-size":"auto","background-attachment":"scroll","background-type":"","background-media":"","overlay-type":"","overlay-color":"","overlay-opacity":"","overlay-gradient":""},"tablet":{"background-color":"var(--ast-global-color-5)","background-image":"","background-repeat":"repeat","background-position":"center center","background-size":"auto","background-attachment":"scroll","background-type":"","background-media":"","overlay-type":"","overlay-color":"","overlay-opacity":"","overlay-gradient":""},"mobile":{"background-color":"var(--ast-global-color-5)","background-image":"","background-repeat":"repeat","background-position":"center center","background-size":"auto","background-attachment":"scroll","background-type":"","background-media":"","overlay-type":"","overlay-color":"","overlay-opacity":"","overlay-gradient":""}},"footnotes":""},"categories":[4],"tags":[],"class_list":["post-1066","post","type-post","status-publish","format-standard","has-post-thumbnail","hentry","category-portada"],"post_mailing_queue_ids":[],"_links":{"self":[{"href":"https:\/\/agora.xtec.cat\/ceip-catalunya-sc\/wp-json\/wp\/v2\/posts\/1066","targetHints":{"allow":["GET"]}}],"collection":[{"href":"https:\/\/agora.xtec.cat\/ceip-catalunya-sc\/wp-json\/wp\/v2\/posts"}],"about":[{"href":"https:\/\/agora.xtec.cat\/ceip-catalunya-sc\/wp-json\/wp\/v2\/types\/post"}],"author":[{"embeddable":true,"href":"https:\/\/agora.xtec.cat\/ceip-catalunya-sc\/wp-json\/wp\/v2\/users\/1"}],"replies":[{"embeddable":true,"href":"https:\/\/agora.xtec.cat\/ceip-catalunya-sc\/wp-json\/wp\/v2\/comments?post=1066"}],"version-history":[{"count":1,"href":"https:\/\/agora.xtec.cat\/ceip-catalunya-sc\/wp-json\/wp\/v2\/posts\/1066\/revisions"}],"predecessor-version":[{"id":1073,"href":"https:\/\/agora.xtec.cat\/ceip-catalunya-sc\/wp-json\/wp\/v2\/posts\/1066\/revisions\/1073"}],"wp:featuredmedia":[{"embeddable":true,"href":"https:\/\/agora.xtec.cat\/ceip-catalunya-sc\/wp-json\/wp\/v2\/media\/1069"}],"wp:attachment":[{"href":"https:\/\/agora.xtec.cat\/ceip-catalunya-sc\/wp-json\/wp\/v2\/media?parent=1066"}],"wp:term":[{"taxonomy":"category","embeddable":true,"href":"https:\/\/agora.xtec.cat\/ceip-catalunya-sc\/wp-json\/wp\/v2\/categories?post=1066"},{"taxonomy":"post_tag","embeddable":true,"href":"https:\/\/agora.xtec.cat\/ceip-catalunya-sc\/wp-json\/wp\/v2\/tags?post=1066"}],"curies":[{"name":"wp","href":"https:\/\/api.w.org\/{rel}","templated":true}]}}