{"id":1029,"date":"2019-03-25T13:11:38","date_gmt":"2019-03-25T12:11:38","guid":{"rendered":"http:\/\/agora.xtec.cat\/ceip-catalunya-sc\/?p=1029"},"modified":"2019-03-25T13:11:38","modified_gmt":"2019-03-25T12:11:38","slug":"1a-jornada-pedagogica","status":"publish","type":"post","link":"https:\/\/agora.xtec.cat\/ceip-catalunya-sc\/general\/1a-jornada-pedagogica\/","title":{"rendered":"1a jornada pedag\u00f2gica"},"content":{"rendered":"<p>Dissabte 23 va tenir lloc la primera jornada pedag\u00f2gica a l&#8217;escola.<\/p>\n<p>La voluntat d&#8217;aquesta jornada era la d&#8217;explicar com proposem treballar a l&#8217;escola i com les fam\u00edlies podeu col\u00b7laborar-hi (a l&#8217;escola i a casa).<\/p>\n<p>Ens va acompanyar en Josep Vilar\u00f3, mestre i formador de la UB d&#8217;ambients i noves propostes d&#8217;aprenentatge.\u00a0<a href=\"https:\/\/agora.xtec.cat\/ceip-catalunya-sc\/wp-content\/uploads\/usu49\/2019\/03\/IMG_20190323_103543_035_opt.jpg\"><img loading=\"lazy\" decoding=\"async\" class=\"alignnone size-medium wp-image-1032\" src=\"https:\/\/agora.xtec.cat\/ceip-catalunya-sc\/wp-content\/uploads\/usu49\/2019\/03\/IMG_20190323_103543_035_opt-300x225.jpg\" alt=\"\" width=\"300\" height=\"225\" srcset=\"https:\/\/agora.xtec.cat\/ceip-catalunya-sc\/wp-content\/uploads\/usu49\/2019\/03\/IMG_20190323_103543_035_opt-300x225.jpg 300w, https:\/\/agora.xtec.cat\/ceip-catalunya-sc\/wp-content\/uploads\/usu49\/2019\/03\/IMG_20190323_103543_035_opt-200x150.jpg 200w, https:\/\/agora.xtec.cat\/ceip-catalunya-sc\/wp-content\/uploads\/usu49\/2019\/03\/IMG_20190323_103543_035_opt.jpg 400w\" sizes=\"auto, (max-width: 300px) 100vw, 300px\" \/><\/a><\/p>\n<p>La veritat \u00e9s que va ser un mat\u00ed ben bonic!. Poder compartir amb les fam\u00edlies com veiem i entenem l&#8217;escola, en quin moment ens trobem, donar espai per aquestes preguntes i neguits que no sempre tenim temps d&#8217;atendre, ens va enriquir molt a tots!.<\/p>\n<p>Primer vam posar les bases de com treballem i per qu\u00e8 ho fem aix\u00ed. Despr\u00e9s del debat que va anar sorgint, vam compartir un bon esmorzar i aix\u00f2 ens va permetre tenir petites converses i con\u00e8ixer m\u00e9s d&#8217;aprop els neguits, les situacions individuals, les preguntes que van quedar al tinter.\u00a0<a href=\"https:\/\/agora.xtec.cat\/ceip-catalunya-sc\/wp-content\/uploads\/usu49\/2019\/03\/IMG_20190323_123523_506-1.jpg\"><img loading=\"lazy\" decoding=\"async\" class=\"alignnone size-medium wp-image-1030\" src=\"https:\/\/agora.xtec.cat\/ceip-catalunya-sc\/wp-content\/uploads\/usu49\/2019\/03\/IMG_20190323_123523_506-1-300x225.jpg\" alt=\"\" width=\"300\" height=\"225\" srcset=\"https:\/\/agora.xtec.cat\/ceip-catalunya-sc\/wp-content\/uploads\/usu49\/2019\/03\/IMG_20190323_123523_506-1-300x225.jpg 300w, https:\/\/agora.xtec.cat\/ceip-catalunya-sc\/wp-content\/uploads\/usu49\/2019\/03\/IMG_20190323_123523_506-1-768x576.jpg 768w, https:\/\/agora.xtec.cat\/ceip-catalunya-sc\/wp-content\/uploads\/usu49\/2019\/03\/IMG_20190323_123523_506-1-1024x768.jpg 1024w, https:\/\/agora.xtec.cat\/ceip-catalunya-sc\/wp-content\/uploads\/usu49\/2019\/03\/IMG_20190323_123523_506-1-200x150.jpg 200w\" sizes=\"auto, (max-width: 300px) 100vw, 300px\" \/><\/a><\/p>\n<p>La segona part de la jornada va consistir en explicar el projecte de lectura i escriptura de l&#8217;escola, comen\u00e7ant per la capsa dels sons, la consci\u00e8ncia fonol\u00f2gica. Vam passejar pels ambients d&#8217;infantil i els espais de tallers, de manera que vam poder anar explicant el qu\u00e8 i el per qu\u00e8 de cada proposta.<\/p>\n<p>Tot just estem comen\u00e7ant i anem fent sobre el que apliquem i valorem, per\u00f2 tenir les fam\u00edlies ben a prop ens ajuda molt a poder construir l&#8217;escola plegats i ens porta a molts moments de reflexi\u00f3 sobre tot el que fem i com ho comuniquem!<\/p>\n<p>Per a nosaltres va ser una experi\u00e8ncia molt bonica, que de ben segur que repetirem!. Del <em>feedback<\/em> que tenim de les fam\u00edlies assistents tamb\u00e9 destil\u00b7lem que va ser una molt bona proposta per repetir!. Esperem que els qui hi vau poder ser en gaud\u00edssiu tant com nosaltres! i els qui no&#8230; no patiu, en farem m\u00e9s!.<\/p>\n","protected":false},"excerpt":{"rendered":"<p>Dissabte 23 va tenir lloc la primera jornada pedag\u00f2gica a l&#8217;escola. La voluntat d&#8217;aquesta jornada era la d&#8217;explicar com proposem treballar a l&#8217;escola i com les fam\u00edlies podeu col\u00b7laborar-hi (a l&#8217;escola i a casa). Ens va acompanyar en Josep Vilar\u00f3, mestre i formador de la UB d&#8217;ambients i noves propostes d&#8217;aprenentatge.\u00a0 La veritat \u00e9s que [&hellip;]<\/p>\n","protected":false},"author":1,"featured_media":1032,"comment_status":"open","ping_status":"closed","sticky":false,"template":"","format":"standard","meta":{"_bbp_topic_count":0,"_bbp_reply_count":0,"_bbp_total_topic_count":0,"_bbp_total_reply_count":0,"_bbp_voice_count":0,"_bbp_anonymous_reply_count":0,"_bbp_topic_count_hidden":0,"_bbp_reply_count_hidden":0,"_bbp_forum_subforum_count":0,"site-sidebar-layout":"default","site-content-layout":"","ast-site-content-layout":"","site-content-style":"default","site-sidebar-style":"default","ast-global-header-display":"","ast-banner-title-visibility":"","ast-main-header-display":"","ast-hfb-above-header-display":"","ast-hfb-below-header-display":"","ast-hfb-mobile-header-display":"","site-post-title":"","ast-breadcrumbs-content":"","ast-featured-img":"","footer-sml-layout":"","theme-transparent-header-meta":"","adv-header-id-meta":"","stick-header-meta":"","header-above-stick-meta":"","header-main-stick-meta":"","header-below-stick-meta":"","astra-migrate-meta-layouts":"default","ast-page-background-enabled":"default","ast-page-background-meta":{"desktop":{"background-color":"var(--ast-global-color-4)","background-image":"","background-repeat":"repeat","background-position":"center center","background-size":"auto","background-attachment":"scroll","background-type":"","background-media":"","overlay-type":"","overlay-color":"","overlay-opacity":"","overlay-gradient":""},"tablet":{"background-color":"","background-image":"","background-repeat":"repeat","background-position":"center center","background-size":"auto","background-attachment":"scroll","background-type":"","background-media":"","overlay-type":"","overlay-color":"","overlay-opacity":"","overlay-gradient":""},"mobile":{"background-color":"","background-image":"","background-repeat":"repeat","background-position":"center center","background-size":"auto","background-attachment":"scroll","background-type":"","background-media":"","overlay-type":"","overlay-color":"","overlay-opacity":"","overlay-gradient":""}},"ast-content-background-meta":{"desktop":{"background-color":"var(--ast-global-color-5)","background-image":"","background-repeat":"repeat","background-position":"center center","background-size":"auto","background-attachment":"scroll","background-type":"","background-media":"","overlay-type":"","overlay-color":"","overlay-opacity":"","overlay-gradient":""},"tablet":{"background-color":"var(--ast-global-color-5)","background-image":"","background-repeat":"repeat","background-position":"center center","background-size":"auto","background-attachment":"scroll","background-type":"","background-media":"","overlay-type":"","overlay-color":"","overlay-opacity":"","overlay-gradient":""},"mobile":{"background-color":"var(--ast-global-color-5)","background-image":"","background-repeat":"repeat","background-position":"center center","background-size":"auto","background-attachment":"scroll","background-type":"","background-media":"","overlay-type":"","overlay-color":"","overlay-opacity":"","overlay-gradient":""}},"footnotes":""},"categories":[1,4],"tags":[],"class_list":["post-1029","post","type-post","status-publish","format-standard","has-post-thumbnail","hentry","category-general","category-portada"],"post_mailing_queue_ids":[],"_links":{"self":[{"href":"https:\/\/agora.xtec.cat\/ceip-catalunya-sc\/wp-json\/wp\/v2\/posts\/1029","targetHints":{"allow":["GET"]}}],"collection":[{"href":"https:\/\/agora.xtec.cat\/ceip-catalunya-sc\/wp-json\/wp\/v2\/posts"}],"about":[{"href":"https:\/\/agora.xtec.cat\/ceip-catalunya-sc\/wp-json\/wp\/v2\/types\/post"}],"author":[{"embeddable":true,"href":"https:\/\/agora.xtec.cat\/ceip-catalunya-sc\/wp-json\/wp\/v2\/users\/1"}],"replies":[{"embeddable":true,"href":"https:\/\/agora.xtec.cat\/ceip-catalunya-sc\/wp-json\/wp\/v2\/comments?post=1029"}],"version-history":[{"count":2,"href":"https:\/\/agora.xtec.cat\/ceip-catalunya-sc\/wp-json\/wp\/v2\/posts\/1029\/revisions"}],"predecessor-version":[{"id":1033,"href":"https:\/\/agora.xtec.cat\/ceip-catalunya-sc\/wp-json\/wp\/v2\/posts\/1029\/revisions\/1033"}],"wp:featuredmedia":[{"embeddable":true,"href":"https:\/\/agora.xtec.cat\/ceip-catalunya-sc\/wp-json\/wp\/v2\/media\/1032"}],"wp:attachment":[{"href":"https:\/\/agora.xtec.cat\/ceip-catalunya-sc\/wp-json\/wp\/v2\/media?parent=1029"}],"wp:term":[{"taxonomy":"category","embeddable":true,"href":"https:\/\/agora.xtec.cat\/ceip-catalunya-sc\/wp-json\/wp\/v2\/categories?post=1029"},{"taxonomy":"post_tag","embeddable":true,"href":"https:\/\/agora.xtec.cat\/ceip-catalunya-sc\/wp-json\/wp\/v2\/tags?post=1029"}],"curies":[{"name":"wp","href":"https:\/\/api.w.org\/{rel}","templated":true}]}}