{"id":998,"date":"2017-11-15T11:01:41","date_gmt":"2017-11-15T10:01:41","guid":{"rendered":"http:\/\/agora.xtec.cat\/ceip-catalunya-sabadell\/?p=998"},"modified":"2017-11-15T11:01:41","modified_gmt":"2017-11-15T10:01:41","slug":"marxa-de-regularitat-de-la-ues","status":"publish","type":"post","link":"https:\/\/agora.xtec.cat\/ceip-catalunya-sabadell\/portada\/marxa-de-regularitat-de-la-ues\/","title":{"rendered":"MARXA DE REGULARITAT DE LA UES"},"content":{"rendered":"<p>El passat diumenge dia 12 de novembre va tenir lloc la 57a Marxa de la Regularitat de la Uni\u00f3 Excursionista de Sabadell (UES). Van participar un total de 8 alumnes de l\u2019escola, de 1r (la Cora, la Tiziana i la Neus eren de les participants m\u00e9s petites de la marxa!) i de 5\u00e8 i 6\u00e8.<\/p>\n<p>El recorregut va iniciar-se i tamb\u00e9 va finalitzar a \u201cLa Font de La Salut\u201d, situada darrera mateix del santuari del mateix nom. Van ser un fant\u00e0stic recorregut\u00a0 de 13.5 kms,\u00a0 organitzat en diferents etapes, en algunes de les quals s\u2019havia de descansar i reprendre forces, on ens an\u00e0vem trobant\u00a0 tots els participants de l\u2019escola i an\u00e0vem intercanviant opinions.<\/p>\n<p>Des de l\u2019escola, volem felicitar als participants, alumnes i pares i mares que van anar, i us animem a totes i a tots a que el proper any siguem m\u00e9s els que formem l\u2019equip de l\u2019Escola Catalunya.<\/p>\n<p>Cliqueu al damunt de la imatge per veure les fotografies:<\/p>\n<p><a href=\"https:\/\/photos.app.goo.gl\/gaEm75UidbuRRudu2\"><img loading=\"lazy\" decoding=\"async\" class=\"wp-image-999 size-medium\" src=\"http:\/\/agora.xtec.cat\/ceip-catalunya-sabadell\/wp-content\/uploads\/usu823\/2017\/11\/PB130024-300x225.jpg\" alt=\"\" width=\"300\" height=\"225\" srcset=\"https:\/\/agora.xtec.cat\/ceip-catalunya-sabadell\/wp-content\/uploads\/usu823\/2017\/11\/PB130024-300x225.jpg 300w, https:\/\/agora.xtec.cat\/ceip-catalunya-sabadell\/wp-content\/uploads\/usu823\/2017\/11\/PB130024-200x150.jpg 200w, https:\/\/agora.xtec.cat\/ceip-catalunya-sabadell\/wp-content\/uploads\/usu823\/2017\/11\/PB130024.jpg 640w\" sizes=\"auto, (max-width: 300px) 100vw, 300px\" \/><\/a><\/p>\n<p>&nbsp;<\/p>\n","protected":false},"excerpt":{"rendered":"<p>El passat diumenge dia 12 de novembre va tenir lloc la 57a Marxa de la Regularitat de la Uni\u00f3 Excursionista de Sabadell (UES). Van participar un total de 8 alumnes de l\u2019escola, de 1r (la Cora, la Tiziana i la Neus eren de les participants&hellip;  <a href=\"https:\/\/agora.xtec.cat\/ceip-catalunya-sabadell\/portada\/marxa-de-regularitat-de-la-ues\/\" title=\"Read MARXA DE REGULARITAT DE LA UES\">Llegeix m\u00e9s\u00bb<\/a><\/p>\n","protected":false},"author":3,"featured_media":0,"comment_status":"open","ping_status":"closed","sticky":false,"template":"","format":"standard","meta":{"_bbp_topic_count":0,"_bbp_reply_count":0,"_bbp_total_topic_count":0,"_bbp_total_reply_count":0,"_bbp_voice_count":0,"_bbp_anonymous_reply_count":0,"_bbp_topic_count_hidden":0,"_bbp_reply_count_hidden":0,"_bbp_forum_subforum_count":0,"footnotes":""},"categories":[38,4],"tags":[],"class_list":["post-998","post","type-post","status-publish","format-standard","hentry","category-sostenible","category-portada"],"post_mailing_queue_ids":[],"_links":{"self":[{"href":"https:\/\/agora.xtec.cat\/ceip-catalunya-sabadell\/wp-json\/wp\/v2\/posts\/998","targetHints":{"allow":["GET"]}}],"collection":[{"href":"https:\/\/agora.xtec.cat\/ceip-catalunya-sabadell\/wp-json\/wp\/v2\/posts"}],"about":[{"href":"https:\/\/agora.xtec.cat\/ceip-catalunya-sabadell\/wp-json\/wp\/v2\/types\/post"}],"author":[{"embeddable":true,"href":"https:\/\/agora.xtec.cat\/ceip-catalunya-sabadell\/wp-json\/wp\/v2\/users\/3"}],"replies":[{"embeddable":true,"href":"https:\/\/agora.xtec.cat\/ceip-catalunya-sabadell\/wp-json\/wp\/v2\/comments?post=998"}],"version-history":[{"count":1,"href":"https:\/\/agora.xtec.cat\/ceip-catalunya-sabadell\/wp-json\/wp\/v2\/posts\/998\/revisions"}],"predecessor-version":[{"id":1000,"href":"https:\/\/agora.xtec.cat\/ceip-catalunya-sabadell\/wp-json\/wp\/v2\/posts\/998\/revisions\/1000"}],"wp:attachment":[{"href":"https:\/\/agora.xtec.cat\/ceip-catalunya-sabadell\/wp-json\/wp\/v2\/media?parent=998"}],"wp:term":[{"taxonomy":"category","embeddable":true,"href":"https:\/\/agora.xtec.cat\/ceip-catalunya-sabadell\/wp-json\/wp\/v2\/categories?post=998"},{"taxonomy":"post_tag","embeddable":true,"href":"https:\/\/agora.xtec.cat\/ceip-catalunya-sabadell\/wp-json\/wp\/v2\/tags?post=998"}],"curies":[{"name":"wp","href":"https:\/\/api.w.org\/{rel}","templated":true}]}}