{"id":986,"date":"2017-11-08T17:03:05","date_gmt":"2017-11-08T16:03:05","guid":{"rendered":"http:\/\/agora.xtec.cat\/ceip-catalunya-sabadell\/?p=986"},"modified":"2017-11-08T17:03:05","modified_gmt":"2017-11-08T16:03:05","slug":"la-castanyada-a-4t","status":"publish","type":"post","link":"https:\/\/agora.xtec.cat\/ceip-catalunya-sabadell\/primaria\/4t\/la-castanyada-a-4t\/","title":{"rendered":"LA CASTANYADA a 4t"},"content":{"rendered":"<p>Aquest any els nens i nenes de 4t hem gaudit molt amb la festa de la Castanyada.<\/p>\n<p>Dilluns al mat\u00ed vam fer panellets i dimarts a la tarda, despr\u00e9s de ballar, ens els vam menjar. Estaven bon\u00ediiiiiiiissims!!!<\/p>\n<p>Dimarts al mat\u00ed vam tenir la visita sorpresa d&#8217;una castanyera que ens va explicar un conte que es titulava &#8220;La Pedra M\u00e0gica&#8221;.<\/p>\n<p>I a la tarda tots els nens, des de P3 fins a 6\u00e8, vam ballar unes danses molt maques al pati de l&#8217;escola. I vam estar molt contents de veure als nostres pares que ens van venir a veure i\u00a0a compartir aquests balls.\u00a0Vam acabar cantant tots junts molt emocionats l&#8217;himne de l&#8217;escola.<\/p>\n<p>Finalment els pares van entrar a l&#8217;escola a veure les manualitats que vam fer decorant fruits de la tardor. Tots preciosos i molt, molt originals!<\/p>\n<p>Ja tenim ganes de tornar-hi l&#8217;any vinent!<\/p>\n<p>&nbsp;<\/p>\n","protected":false},"excerpt":{"rendered":"<p>Aquest any els nens i nenes de 4t hem gaudit molt amb la festa de la Castanyada.<br \/>\nDilluns al mat\u00ed vam fer panellets i dimarts a la tarda, despr\u00e9s de ballar, ens els vam menjar. Estaven bon\u00ediiiiiiiissims!!!<br \/>\nDimarts al mat\u00ed vam tenir la visita sorpresa d&#8217;una castanyera&hellip;  <a href=\"https:\/\/agora.xtec.cat\/ceip-catalunya-sabadell\/primaria\/4t\/la-castanyada-a-4t\/\" title=\"Read LA CASTANYADA a 4t\">Llegeix m\u00e9s\u00bb<\/a><\/p>\n","protected":false},"author":9,"featured_media":0,"comment_status":"open","ping_status":"closed","sticky":false,"template":"","format":"standard","meta":{"_bbp_topic_count":0,"_bbp_reply_count":0,"_bbp_total_topic_count":0,"_bbp_total_reply_count":0,"_bbp_voice_count":0,"_bbp_anonymous_reply_count":0,"_bbp_topic_count_hidden":0,"_bbp_reply_count_hidden":0,"_bbp_forum_subforum_count":0,"footnotes":""},"categories":[13],"tags":[],"class_list":["post-986","post","type-post","status-publish","format-standard","hentry","category-4t"],"post_mailing_queue_ids":[],"_links":{"self":[{"href":"https:\/\/agora.xtec.cat\/ceip-catalunya-sabadell\/wp-json\/wp\/v2\/posts\/986","targetHints":{"allow":["GET"]}}],"collection":[{"href":"https:\/\/agora.xtec.cat\/ceip-catalunya-sabadell\/wp-json\/wp\/v2\/posts"}],"about":[{"href":"https:\/\/agora.xtec.cat\/ceip-catalunya-sabadell\/wp-json\/wp\/v2\/types\/post"}],"author":[{"embeddable":true,"href":"https:\/\/agora.xtec.cat\/ceip-catalunya-sabadell\/wp-json\/wp\/v2\/users\/9"}],"replies":[{"embeddable":true,"href":"https:\/\/agora.xtec.cat\/ceip-catalunya-sabadell\/wp-json\/wp\/v2\/comments?post=986"}],"version-history":[{"count":2,"href":"https:\/\/agora.xtec.cat\/ceip-catalunya-sabadell\/wp-json\/wp\/v2\/posts\/986\/revisions"}],"predecessor-version":[{"id":988,"href":"https:\/\/agora.xtec.cat\/ceip-catalunya-sabadell\/wp-json\/wp\/v2\/posts\/986\/revisions\/988"}],"wp:attachment":[{"href":"https:\/\/agora.xtec.cat\/ceip-catalunya-sabadell\/wp-json\/wp\/v2\/media?parent=986"}],"wp:term":[{"taxonomy":"category","embeddable":true,"href":"https:\/\/agora.xtec.cat\/ceip-catalunya-sabadell\/wp-json\/wp\/v2\/categories?post=986"},{"taxonomy":"post_tag","embeddable":true,"href":"https:\/\/agora.xtec.cat\/ceip-catalunya-sabadell\/wp-json\/wp\/v2\/tags?post=986"}],"curies":[{"name":"wp","href":"https:\/\/api.w.org\/{rel}","templated":true}]}}