{"id":915,"date":"2017-11-02T18:57:55","date_gmt":"2017-11-02T17:57:55","guid":{"rendered":"http:\/\/agora.xtec.cat\/ceip-catalunya-sabadell\/?p=915"},"modified":"2017-11-02T19:01:51","modified_gmt":"2017-11-02T18:01:51","slug":"la-castanyada","status":"publish","type":"post","link":"https:\/\/agora.xtec.cat\/ceip-catalunya-sabadell\/general\/la-castanyada\/","title":{"rendered":"La castanyada dels Mags i Bruixots"},"content":{"rendered":"<p>Hola fam\u00edlies !!! Per primera vegada en aquest curs ens posem en contacte amb vosaltres per ensenyar-vos el molt b\u00e9 que ens ho v\u00e0rem passar celebrant la castanyada . Esperem que us agradi. (Cliqueu damunt l&#8217;enlla\u00e7 per poder veure el v\u00eddeo).<\/p>\n<p>&nbsp;<\/p>\n<p><a href=\"https:\/\/youtu.be\/QY9H4-PZ3Fc\"><img loading=\"lazy\" decoding=\"async\" class=\"alignnone size-large wp-image-916\" src=\"http:\/\/agora.xtec.cat\/ceip-catalunya-sabadell\/wp-content\/uploads\/usu823\/2017\/11\/IMG-20171031-WA0010-1024x367.jpg\" alt=\"\" width=\"1024\" height=\"367\" srcset=\"https:\/\/agora.xtec.cat\/ceip-catalunya-sabadell\/wp-content\/uploads\/usu823\/2017\/11\/IMG-20171031-WA0010.jpg 1024w, https:\/\/agora.xtec.cat\/ceip-catalunya-sabadell\/wp-content\/uploads\/usu823\/2017\/11\/IMG-20171031-WA0010-300x108.jpg 300w, https:\/\/agora.xtec.cat\/ceip-catalunya-sabadell\/wp-content\/uploads\/usu823\/2017\/11\/IMG-20171031-WA0010-768x275.jpg 768w\" sizes=\"auto, (max-width: 1024px) 100vw, 1024px\" \/><\/a><\/p>\n<p>&nbsp;<\/p>\n","protected":false},"excerpt":{"rendered":"<p>Hola fam\u00edlies !!! Per primera vegada en aquest curs ens posem en contacte amb vosaltres per ensenyar-vos el molt b\u00e9 que ens ho v\u00e0rem passar celebrant la castanyada . Esperem que us agradi. (Cliqueu damunt l&#8217;enlla\u00e7 per poder veure el v\u00eddeo).<br \/>\n&nbsp;<br \/>\n<a href=\"https:\/\/youtu.be\/QY9H4-PZ3Fc\"><\/a><br \/>\n&nbsp;<\/p>\n","protected":false},"author":3,"featured_media":922,"comment_status":"open","ping_status":"closed","sticky":false,"template":"","format":"standard","meta":{"_bbp_topic_count":0,"_bbp_reply_count":0,"_bbp_total_topic_count":0,"_bbp_total_reply_count":0,"_bbp_voice_count":0,"_bbp_anonymous_reply_count":0,"_bbp_topic_count_hidden":0,"_bbp_reply_count_hidden":0,"_bbp_forum_subforum_count":0,"footnotes":""},"categories":[36,1],"tags":[],"class_list":["post-915","post","type-post","status-publish","format-standard","has-post-thumbnail","hentry","category-festes","category-general"],"post_mailing_queue_ids":[],"_links":{"self":[{"href":"https:\/\/agora.xtec.cat\/ceip-catalunya-sabadell\/wp-json\/wp\/v2\/posts\/915","targetHints":{"allow":["GET"]}}],"collection":[{"href":"https:\/\/agora.xtec.cat\/ceip-catalunya-sabadell\/wp-json\/wp\/v2\/posts"}],"about":[{"href":"https:\/\/agora.xtec.cat\/ceip-catalunya-sabadell\/wp-json\/wp\/v2\/types\/post"}],"author":[{"embeddable":true,"href":"https:\/\/agora.xtec.cat\/ceip-catalunya-sabadell\/wp-json\/wp\/v2\/users\/3"}],"replies":[{"embeddable":true,"href":"https:\/\/agora.xtec.cat\/ceip-catalunya-sabadell\/wp-json\/wp\/v2\/comments?post=915"}],"version-history":[{"count":3,"href":"https:\/\/agora.xtec.cat\/ceip-catalunya-sabadell\/wp-json\/wp\/v2\/posts\/915\/revisions"}],"predecessor-version":[{"id":923,"href":"https:\/\/agora.xtec.cat\/ceip-catalunya-sabadell\/wp-json\/wp\/v2\/posts\/915\/revisions\/923"}],"wp:featuredmedia":[{"embeddable":true,"href":"https:\/\/agora.xtec.cat\/ceip-catalunya-sabadell\/wp-json\/wp\/v2\/media\/922"}],"wp:attachment":[{"href":"https:\/\/agora.xtec.cat\/ceip-catalunya-sabadell\/wp-json\/wp\/v2\/media?parent=915"}],"wp:term":[{"taxonomy":"category","embeddable":true,"href":"https:\/\/agora.xtec.cat\/ceip-catalunya-sabadell\/wp-json\/wp\/v2\/categories?post=915"},{"taxonomy":"post_tag","embeddable":true,"href":"https:\/\/agora.xtec.cat\/ceip-catalunya-sabadell\/wp-json\/wp\/v2\/tags?post=915"}],"curies":[{"name":"wp","href":"https:\/\/api.w.org\/{rel}","templated":true}]}}