{"id":856,"date":"2017-10-02T11:55:23","date_gmt":"2017-10-02T09:55:23","guid":{"rendered":"http:\/\/agora.xtec.cat\/ceip-catalunya-sabadell\/?p=856"},"modified":"2017-10-02T15:40:02","modified_gmt":"2017-10-02T13:40:02","slug":"856","status":"publish","type":"post","link":"https:\/\/agora.xtec.cat\/ceip-catalunya-sabadell\/general\/856\/","title":{"rendered":"."},"content":{"rendered":"<p>Us informem que arrel dels fets succe\u00efts ahir a Catalunya, avui a les 12h tots el centres educatius est\u00e0vem convocats a fer un minut de silenci. El nostre centre tamb\u00e9 ha fet un acte al pati, al qual han assistit els alumnes de l\u2019escola juntament amb els alumnes de l\u2019IES VALL\u00c8S.<\/p>\n<p>L&#8217;acte ha consistit en la lectura per part de la directora de l&#8217;Institut d&#8217;un breu escrit en contra de la viol\u00e8ncia, \u00a0la lectura del poema &#8220;La Pau&#8221; de <em>Lu Tien Min<\/em>\u00a0per part d&#8217;una alumna i s\u2019ha procedit a guardar un minut de silenci.<\/p>\n<p>Un cop ha finalitzat l&#8217;acte, els alumnes de l\u2019Institut ens han convidat a escoltar un manifest redactat per l&#8217;Assemblea d&#8217;Alumnes en qu\u00e8 han expressat la seva opini\u00f3.<\/p>\n<p>&nbsp;<\/p>\n<p>&nbsp;<\/p>\n<p>&nbsp;<\/p>\n<p><img loading=\"lazy\" decoding=\"async\" class=\"size-full wp-image-857 aligncenter\" src=\"http:\/\/agora.xtec.cat\/ceip-catalunya-sabadell\/wp-content\/uploads\/usu823\/2017\/10\/BDowuEMcEUYKQeLSfsx_4eKBuim_Mw1QlD3mwYoXyaf00dSeaQDJVMjrwlVfsyHUiZ4qqv_eUwrTTX6qnR77JF3TeCCvFdv04G67exPDmdritH_G48w.jpg\" alt=\"\" width=\"320\" height=\"252\" srcset=\"https:\/\/agora.xtec.cat\/ceip-catalunya-sabadell\/wp-content\/uploads\/usu823\/2017\/10\/BDowuEMcEUYKQeLSfsx_4eKBuim_Mw1QlD3mwYoXyaf00dSeaQDJVMjrwlVfsyHUiZ4qqv_eUwrTTX6qnR77JF3TeCCvFdv04G67exPDmdritH_G48w.jpg 320w, https:\/\/agora.xtec.cat\/ceip-catalunya-sabadell\/wp-content\/uploads\/usu823\/2017\/10\/BDowuEMcEUYKQeLSfsx_4eKBuim_Mw1QlD3mwYoXyaf00dSeaQDJVMjrwlVfsyHUiZ4qqv_eUwrTTX6qnR77JF3TeCCvFdv04G67exPDmdritH_G48w-300x236.jpg 300w\" sizes=\"auto, (max-width: 320px) 100vw, 320px\" \/><\/p>\n","protected":false},"excerpt":{"rendered":"<p>Us informem que arrel dels fets succe\u00efts ahir a Catalunya, avui a les 12h tots el centres educatius est\u00e0vem convocats a fer un minut de silenci. El nostre centre tamb\u00e9 ha fet un acte al pati, al qual han assistit els alumnes de l\u2019escola juntament&hellip;  <a href=\"https:\/\/agora.xtec.cat\/ceip-catalunya-sabadell\/general\/856\/\" title=\"Read .\">Llegeix m\u00e9s\u00bb<\/a><\/p>\n","protected":false},"author":3,"featured_media":0,"comment_status":"open","ping_status":"closed","sticky":false,"template":"","format":"standard","meta":{"_bbp_topic_count":0,"_bbp_reply_count":0,"_bbp_total_topic_count":0,"_bbp_total_reply_count":0,"_bbp_voice_count":0,"_bbp_anonymous_reply_count":0,"_bbp_topic_count_hidden":0,"_bbp_reply_count_hidden":0,"_bbp_forum_subforum_count":0,"footnotes":""},"categories":[1,4],"tags":[],"class_list":["post-856","post","type-post","status-publish","format-standard","hentry","category-general","category-portada"],"post_mailing_queue_ids":[],"_links":{"self":[{"href":"https:\/\/agora.xtec.cat\/ceip-catalunya-sabadell\/wp-json\/wp\/v2\/posts\/856","targetHints":{"allow":["GET"]}}],"collection":[{"href":"https:\/\/agora.xtec.cat\/ceip-catalunya-sabadell\/wp-json\/wp\/v2\/posts"}],"about":[{"href":"https:\/\/agora.xtec.cat\/ceip-catalunya-sabadell\/wp-json\/wp\/v2\/types\/post"}],"author":[{"embeddable":true,"href":"https:\/\/agora.xtec.cat\/ceip-catalunya-sabadell\/wp-json\/wp\/v2\/users\/3"}],"replies":[{"embeddable":true,"href":"https:\/\/agora.xtec.cat\/ceip-catalunya-sabadell\/wp-json\/wp\/v2\/comments?post=856"}],"version-history":[{"count":3,"href":"https:\/\/agora.xtec.cat\/ceip-catalunya-sabadell\/wp-json\/wp\/v2\/posts\/856\/revisions"}],"predecessor-version":[{"id":860,"href":"https:\/\/agora.xtec.cat\/ceip-catalunya-sabadell\/wp-json\/wp\/v2\/posts\/856\/revisions\/860"}],"wp:attachment":[{"href":"https:\/\/agora.xtec.cat\/ceip-catalunya-sabadell\/wp-json\/wp\/v2\/media?parent=856"}],"wp:term":[{"taxonomy":"category","embeddable":true,"href":"https:\/\/agora.xtec.cat\/ceip-catalunya-sabadell\/wp-json\/wp\/v2\/categories?post=856"},{"taxonomy":"post_tag","embeddable":true,"href":"https:\/\/agora.xtec.cat\/ceip-catalunya-sabadell\/wp-json\/wp\/v2\/tags?post=856"}],"curies":[{"name":"wp","href":"https:\/\/api.w.org\/{rel}","templated":true}]}}