{"id":825,"date":"2017-09-26T12:08:02","date_gmt":"2017-09-26T10:08:02","guid":{"rendered":"http:\/\/agora.xtec.cat\/ceip-catalunya-sabadell\/?p=825"},"modified":"2017-09-26T12:14:30","modified_gmt":"2017-09-26T10:14:30","slug":"reunions-inici-de-curs-2","status":"publish","type":"post","link":"https:\/\/agora.xtec.cat\/ceip-catalunya-sabadell\/portada\/reunions-inici-de-curs-2\/","title":{"rendered":"REUNIONS INICI DE CURS"},"content":{"rendered":"<p>Les reunions d&#8217;inici de curs tindran lloc a les <strong>17.00h a les aules dels diferents nivells<\/strong>, en les dates indicades:<\/p>\n<table style=\"height: 350px; width: 230px;\">\n<tbody>\n<tr style=\"height: 9px;\">\n<td style=\"height: 16px; width: 68px;\">P3<\/td>\n<td style=\"height: 16px; width: 153px;\">17 d\u2019octubre<\/td>\n<\/tr>\n<tr style=\"height: 9px;\">\n<td style=\"height: 14px; width: 68px;\">P4<\/td>\n<td style=\"height: 14px; width: 153px;\">17 d\u2019octubre<\/td>\n<\/tr>\n<tr style=\"height: 9px;\">\n<td style=\"height: 6px; width: 68px;\">P5<\/td>\n<td style=\"height: 6px; width: 153px;\">23 d\u2019octubre<\/td>\n<\/tr>\n<tr style=\"height: 9px;\">\n<td style=\"height: 18px; width: 68px;\">1r<\/td>\n<td style=\"height: 18px; width: 153px;\">28 de setembre<\/td>\n<\/tr>\n<tr style=\"height: 9px;\">\n<td style=\"height: 13px; width: 68px;\">2n<\/td>\n<td style=\"height: 13px; width: 153px;\">9 d\u2019octubre<\/td>\n<\/tr>\n<tr style=\"height: 9px;\">\n<td style=\"height: 8px; width: 68px;\">3r<\/td>\n<td style=\"height: 8px; width: 153px;\">10 d\u2019octubre<\/td>\n<\/tr>\n<tr style=\"height: 9px;\">\n<td style=\"height: 9px; width: 68px;\">4t<\/td>\n<td style=\"height: 9px; width: 153px;\">25 de setembre<\/td>\n<\/tr>\n<tr style=\"height: 9px;\">\n<td style=\"height: 9px; width: 68px;\">5\u00e8<\/td>\n<td style=\"height: 9px; width: 153px;\">18 d\u2019octubre<\/td>\n<\/tr>\n<tr style=\"height: 9px;\">\n<td style=\"height: 30px; width: 68px;\">6\u00e8<\/td>\n<td style=\"height: 30px; width: 153px;\">19 d\u2019octubre<\/td>\n<\/tr>\n<\/tbody>\n<\/table>\n<p>Hi haur\u00e0 servei de canguratge per a aquelles fam\u00edlies que ho desitgin a partir de les 17.00h. El preu del servei \u00e9s de 3\u20ac per alumne\/a.<\/p>\n","protected":false},"excerpt":{"rendered":"<p>Les reunions d&#8217;inici de curs tindran lloc a les 17.00h a les aules dels diferents nivells, en les dates indicades:<\/p>\n<p>P3<br \/>\n17 d\u2019octubre<\/p>\n<p>P4<br \/>\n17 d\u2019octubre<\/p>\n<p>P5<br \/>\n23 d\u2019octubre<\/p>\n<p>1r<br \/>\n28 de setembre<\/p>\n<p>2n<br \/>\n9 d\u2019octubre<\/p>\n<p>3r<br \/>\n10 d\u2019octubre<\/p>\n<p>4t<br \/>\n25 de setembre<\/p>\n<p>5\u00e8<br \/>\n18 d\u2019octubre<\/p>\n<p>6\u00e8<br \/>\n19 d\u2019octubre<\/p>\n<p>Hi haur\u00e0 servei de canguratge per a aquelles fam\u00edlies que ho desitgin a partir de&hellip;  <a href=\"https:\/\/agora.xtec.cat\/ceip-catalunya-sabadell\/portada\/reunions-inici-de-curs-2\/\" title=\"Read REUNIONS INICI DE CURS\">Llegeix m\u00e9s\u00bb<\/a><\/p>\n","protected":false},"author":3,"featured_media":0,"comment_status":"open","ping_status":"closed","sticky":false,"template":"","format":"standard","meta":{"_bbp_topic_count":0,"_bbp_reply_count":0,"_bbp_total_topic_count":0,"_bbp_total_reply_count":0,"_bbp_voice_count":0,"_bbp_anonymous_reply_count":0,"_bbp_topic_count_hidden":0,"_bbp_reply_count_hidden":0,"_bbp_forum_subforum_count":0,"footnotes":""},"categories":[4],"tags":[],"class_list":["post-825","post","type-post","status-publish","format-standard","hentry","category-portada"],"post_mailing_queue_ids":[],"_links":{"self":[{"href":"https:\/\/agora.xtec.cat\/ceip-catalunya-sabadell\/wp-json\/wp\/v2\/posts\/825","targetHints":{"allow":["GET"]}}],"collection":[{"href":"https:\/\/agora.xtec.cat\/ceip-catalunya-sabadell\/wp-json\/wp\/v2\/posts"}],"about":[{"href":"https:\/\/agora.xtec.cat\/ceip-catalunya-sabadell\/wp-json\/wp\/v2\/types\/post"}],"author":[{"embeddable":true,"href":"https:\/\/agora.xtec.cat\/ceip-catalunya-sabadell\/wp-json\/wp\/v2\/users\/3"}],"replies":[{"embeddable":true,"href":"https:\/\/agora.xtec.cat\/ceip-catalunya-sabadell\/wp-json\/wp\/v2\/comments?post=825"}],"version-history":[{"count":3,"href":"https:\/\/agora.xtec.cat\/ceip-catalunya-sabadell\/wp-json\/wp\/v2\/posts\/825\/revisions"}],"predecessor-version":[{"id":832,"href":"https:\/\/agora.xtec.cat\/ceip-catalunya-sabadell\/wp-json\/wp\/v2\/posts\/825\/revisions\/832"}],"wp:attachment":[{"href":"https:\/\/agora.xtec.cat\/ceip-catalunya-sabadell\/wp-json\/wp\/v2\/media?parent=825"}],"wp:term":[{"taxonomy":"category","embeddable":true,"href":"https:\/\/agora.xtec.cat\/ceip-catalunya-sabadell\/wp-json\/wp\/v2\/categories?post=825"},{"taxonomy":"post_tag","embeddable":true,"href":"https:\/\/agora.xtec.cat\/ceip-catalunya-sabadell\/wp-json\/wp\/v2\/tags?post=825"}],"curies":[{"name":"wp","href":"https:\/\/api.w.org\/{rel}","templated":true}]}}