{"id":737,"date":"2017-06-05T10:53:26","date_gmt":"2017-06-05T08:53:26","guid":{"rendered":"http:\/\/agora.xtec.cat\/ceip-catalunya-sabadell\/?p=737"},"modified":"2017-06-05T10:53:26","modified_gmt":"2017-06-05T08:53:26","slug":"agenda-21-plus","status":"publish","type":"post","link":"https:\/\/agora.xtec.cat\/ceip-catalunya-sabadell\/portada\/agenda-21-plus\/","title":{"rendered":"AGENDA 21 PLUS"},"content":{"rendered":"<p>Si cliqueu l&#8217;enlla\u00e7, podreu accedir a la not\u00edcia que va sortir al diari sobre el programa pilot de gesti\u00f3 sostenible que ha engegat l&#8217;Ajuntament aquest curs i en el qual hi hem participat com a escola, juntament amb d&#8217;altres escoles de la ciutat.<\/p>\n<p>Gr\u00e0cies a aquesta iniciativa s&#8217;ha aconseguit reduir en un 4% la factura el\u00e8ctrica i en un 1,5% la de l\u2019aigua.<\/p>\n<p><a href=\"http:\/\/www.sabadell.cat\/ca\/noticies-municipals\/67670-l-ajuntament-ha-engegat-un-programa-pilot-de-gestio-sostenible-a-6-escoles-de-la-ciutat\">http:\/\/www.sabadell.cat\/ca\/noticies-municipals\/67670-l-ajuntament-ha-engegat-un-programa-pilot-de-gestio-sostenible-a-6-escoles-de-la-ciutat<\/a><\/p>\n<p><a href=\"http:\/\/www.sabadell.cat\/ca\/noticies-municipals\/67670-l-ajuntament-ha-engegat-un-programa-pilot-de-gestio-sostenible-a-6-escoles-de-la-ciutat\"><img loading=\"lazy\" decoding=\"async\" class=\"alignnone size-full wp-image-738\" src=\"http:\/\/agora.xtec.cat\/ceip-catalunya-sabadell\/wp-content\/uploads\/usu823\/2017\/06\/agenda21plus1.jpg\" alt=\"agenda21plus1\" width=\"400\" height=\"267\" srcset=\"https:\/\/agora.xtec.cat\/ceip-catalunya-sabadell\/wp-content\/uploads\/usu823\/2017\/06\/agenda21plus1.jpg 400w, https:\/\/agora.xtec.cat\/ceip-catalunya-sabadell\/wp-content\/uploads\/usu823\/2017\/06\/agenda21plus1-300x200.jpg 300w\" sizes=\"auto, (max-width: 400px) 100vw, 400px\" \/><\/a><\/p>\n","protected":false},"excerpt":{"rendered":"<p>Si cliqueu l&#8217;enlla\u00e7, podreu accedir a la not\u00edcia que va sortir al diari sobre el programa pilot de gesti\u00f3 sostenible que ha engegat l&#8217;Ajuntament aquest curs i en el qual hi hem participat com a escola, juntament amb d&#8217;altres escoles de la ciutat.<br \/>\nGr\u00e0cies a aquesta&hellip;  <a href=\"https:\/\/agora.xtec.cat\/ceip-catalunya-sabadell\/portada\/agenda-21-plus\/\" title=\"Read AGENDA 21 PLUS\">Llegeix m\u00e9s\u00bb<\/a><\/p>\n","protected":false},"author":3,"featured_media":738,"comment_status":"open","ping_status":"closed","sticky":false,"template":"","format":"standard","meta":{"_bbp_topic_count":0,"_bbp_reply_count":0,"_bbp_total_topic_count":0,"_bbp_total_reply_count":0,"_bbp_voice_count":0,"_bbp_anonymous_reply_count":0,"_bbp_topic_count_hidden":0,"_bbp_reply_count_hidden":0,"_bbp_forum_subforum_count":0,"footnotes":""},"categories":[38,4],"tags":[],"class_list":["post-737","post","type-post","status-publish","format-standard","has-post-thumbnail","hentry","category-sostenible","category-portada"],"post_mailing_queue_ids":[],"_links":{"self":[{"href":"https:\/\/agora.xtec.cat\/ceip-catalunya-sabadell\/wp-json\/wp\/v2\/posts\/737","targetHints":{"allow":["GET"]}}],"collection":[{"href":"https:\/\/agora.xtec.cat\/ceip-catalunya-sabadell\/wp-json\/wp\/v2\/posts"}],"about":[{"href":"https:\/\/agora.xtec.cat\/ceip-catalunya-sabadell\/wp-json\/wp\/v2\/types\/post"}],"author":[{"embeddable":true,"href":"https:\/\/agora.xtec.cat\/ceip-catalunya-sabadell\/wp-json\/wp\/v2\/users\/3"}],"replies":[{"embeddable":true,"href":"https:\/\/agora.xtec.cat\/ceip-catalunya-sabadell\/wp-json\/wp\/v2\/comments?post=737"}],"version-history":[{"count":1,"href":"https:\/\/agora.xtec.cat\/ceip-catalunya-sabadell\/wp-json\/wp\/v2\/posts\/737\/revisions"}],"predecessor-version":[{"id":739,"href":"https:\/\/agora.xtec.cat\/ceip-catalunya-sabadell\/wp-json\/wp\/v2\/posts\/737\/revisions\/739"}],"wp:featuredmedia":[{"embeddable":true,"href":"https:\/\/agora.xtec.cat\/ceip-catalunya-sabadell\/wp-json\/wp\/v2\/media\/738"}],"wp:attachment":[{"href":"https:\/\/agora.xtec.cat\/ceip-catalunya-sabadell\/wp-json\/wp\/v2\/media?parent=737"}],"wp:term":[{"taxonomy":"category","embeddable":true,"href":"https:\/\/agora.xtec.cat\/ceip-catalunya-sabadell\/wp-json\/wp\/v2\/categories?post=737"},{"taxonomy":"post_tag","embeddable":true,"href":"https:\/\/agora.xtec.cat\/ceip-catalunya-sabadell\/wp-json\/wp\/v2\/tags?post=737"}],"curies":[{"name":"wp","href":"https:\/\/api.w.org\/{rel}","templated":true}]}}