{"id":733,"date":"2017-06-01T11:12:52","date_gmt":"2017-06-01T09:12:52","guid":{"rendered":"http:\/\/agora.xtec.cat\/ceip-catalunya-sabadell\/?p=733"},"modified":"2017-06-01T11:14:51","modified_gmt":"2017-06-01T09:14:51","slug":"ii-cursa-solidaria-sabadell-corre-pels-nens","status":"publish","type":"post","link":"https:\/\/agora.xtec.cat\/ceip-catalunya-sabadell\/infantil\/ii-cursa-solidaria-sabadell-corre-pels-nens\/","title":{"rendered":"II Cursa Solid\u00e0ria &#8220;Sabadell Corre pels Nens&#8221;"},"content":{"rendered":"<p>Com sabeu, el passat diumenge va tenir a lloc a Sabadell la II cursa solid\u00e0ria &#8220;Sabadell Corre pels Nens&#8221;, per tal de poder ajudar als nens i nenes amb malalties minorit\u00e0ries que s\u00f3n tractats al Servei de Pediatria del Parc Taul\u00ed de Sabadell, un centre de refer\u00e8ncia per l&#8217;atenci\u00f3 de patologies complexes i expert en malalties minorit\u00e0ries.<\/p>\n<p>Des de l&#8217;escola, els nens i nenes hi van participar fent un peu que simbolitza la nostra empatia i suport a aquests nens, aix\u00ed com una pancarta amb el lema &#8220;Que els nostres petits passos us ajudin a fer un gran pas units sempre endavant&#8221;.<\/p>\n<p>Va ser una jornada molt emotiva en qu\u00e8 petits i grans vam caminar plegats per mostrar la nostra solidaritat i estar al costat dels nens i nenes que ho necessiten.<\/p>\n<p>Moltes gr\u00e0cies a totes les fam\u00edlies i nens i nenes que vau acompanyar-nos aquest dia!!!<\/p>\n<p>Clicant a l&#8217;enlla\u00e7 podreu veure les fotos de la jornada:<\/p>\n<p><a href=\"https:\/\/goo.gl\/photos\/TkTwktghXYHs5Vn58\">https:\/\/goo.gl\/photos\/TkTwktghXYHs5Vn58<\/a><\/p>\n<p>&nbsp;<\/p>\n<p>&nbsp;<\/p>\n","protected":false},"excerpt":{"rendered":"<p>Com sabeu, el passat diumenge va tenir a lloc a Sabadell la II cursa solid\u00e0ria &#8220;Sabadell Corre pels Nens&#8221;, per tal de poder ajudar als nens i nenes amb malalties minorit\u00e0ries que s\u00f3n tractats al Servei de Pediatria del Parc Taul\u00ed de Sabadell, un centre&hellip;  <a href=\"https:\/\/agora.xtec.cat\/ceip-catalunya-sabadell\/infantil\/ii-cursa-solidaria-sabadell-corre-pels-nens\/\" title=\"Read II Cursa Solid\u00e0ria &#8220;Sabadell Corre pels Nens&#8221;\">Llegeix m\u00e9s\u00bb<\/a><\/p>\n","protected":false},"author":3,"featured_media":735,"comment_status":"open","ping_status":"closed","sticky":false,"template":"","format":"standard","meta":{"_bbp_topic_count":0,"_bbp_reply_count":0,"_bbp_total_topic_count":0,"_bbp_total_reply_count":0,"_bbp_voice_count":0,"_bbp_anonymous_reply_count":0,"_bbp_topic_count_hidden":0,"_bbp_reply_count_hidden":0,"_bbp_forum_subforum_count":0,"footnotes":""},"categories":[7,42,2,4,5],"tags":[],"class_list":["post-733","post","type-post","status-publish","format-standard","has-post-thumbnail","hentry","category-ampa","category-educacio-emocional","category-infantil","category-portada","category-primaria"],"post_mailing_queue_ids":[],"_links":{"self":[{"href":"https:\/\/agora.xtec.cat\/ceip-catalunya-sabadell\/wp-json\/wp\/v2\/posts\/733","targetHints":{"allow":["GET"]}}],"collection":[{"href":"https:\/\/agora.xtec.cat\/ceip-catalunya-sabadell\/wp-json\/wp\/v2\/posts"}],"about":[{"href":"https:\/\/agora.xtec.cat\/ceip-catalunya-sabadell\/wp-json\/wp\/v2\/types\/post"}],"author":[{"embeddable":true,"href":"https:\/\/agora.xtec.cat\/ceip-catalunya-sabadell\/wp-json\/wp\/v2\/users\/3"}],"replies":[{"embeddable":true,"href":"https:\/\/agora.xtec.cat\/ceip-catalunya-sabadell\/wp-json\/wp\/v2\/comments?post=733"}],"version-history":[{"count":1,"href":"https:\/\/agora.xtec.cat\/ceip-catalunya-sabadell\/wp-json\/wp\/v2\/posts\/733\/revisions"}],"predecessor-version":[{"id":736,"href":"https:\/\/agora.xtec.cat\/ceip-catalunya-sabadell\/wp-json\/wp\/v2\/posts\/733\/revisions\/736"}],"wp:featuredmedia":[{"embeddable":true,"href":"https:\/\/agora.xtec.cat\/ceip-catalunya-sabadell\/wp-json\/wp\/v2\/media\/735"}],"wp:attachment":[{"href":"https:\/\/agora.xtec.cat\/ceip-catalunya-sabadell\/wp-json\/wp\/v2\/media?parent=733"}],"wp:term":[{"taxonomy":"category","embeddable":true,"href":"https:\/\/agora.xtec.cat\/ceip-catalunya-sabadell\/wp-json\/wp\/v2\/categories?post=733"},{"taxonomy":"post_tag","embeddable":true,"href":"https:\/\/agora.xtec.cat\/ceip-catalunya-sabadell\/wp-json\/wp\/v2\/tags?post=733"}],"curies":[{"name":"wp","href":"https:\/\/api.w.org\/{rel}","templated":true}]}}