{"id":729,"date":"2017-05-25T11:46:44","date_gmt":"2017-05-25T09:46:44","guid":{"rendered":"http:\/\/agora.xtec.cat\/ceip-catalunya-sabadell\/?p=729"},"modified":"2017-05-25T11:48:48","modified_gmt":"2017-05-25T09:48:48","slug":"fem-tots-junts-un-bocanroll","status":"publish","type":"post","link":"https:\/\/agora.xtec.cat\/ceip-catalunya-sabadell\/portada\/fem-tots-junts-un-bocanroll\/","title":{"rendered":"FEM TOTS JUNTS UN BOCANROLL?"},"content":{"rendered":"<p>Quina proposta m\u00e9s divertida!!\u00a0 I el m\u00e9s interessant de tot \u00e9s que col.laborem amb el medi ambient fent sostenible la recollida i reciclatge de residus.<\/p>\n<p>Alumnes, familiars i mestres ens vam trobar el 17 de maig al mat\u00ed per fer i decorar un bocanroll (roba plastificada per embolcallar\u00a0 els entrepans i altres esmorzars).<\/p>\n<p>En Pau (monitor de l\u2019activitat) ens ho va explicar molt b\u00e9 i tots vam marxar ben contents amb el nostre bocanroll. Tamb\u00e9 vam acabar la sessi\u00f3 fent un joc de com hem de reciclar els diferents residus (a quin contenidor dur-los).<\/p>\n<p>Si cliqueu la imatge, podreu veure m\u00e9s fotografies<\/p>\n<p><a href=\"https:\/\/goo.gl\/photos\/4QRLDzrLqpf3qyKf8\"><img loading=\"lazy\" decoding=\"async\" class=\"alignnone wp-image-730 size-large\" src=\"http:\/\/agora.xtec.cat\/ceip-catalunya-sabadell\/wp-content\/uploads\/usu823\/2017\/05\/Imagen-008-1024x768.jpg\" alt=\"Imagen 008\" width=\"1024\" height=\"768\" srcset=\"https:\/\/agora.xtec.cat\/ceip-catalunya-sabadell\/wp-content\/uploads\/usu823\/2017\/05\/Imagen-008-1024x768.jpg 1024w, https:\/\/agora.xtec.cat\/ceip-catalunya-sabadell\/wp-content\/uploads\/usu823\/2017\/05\/Imagen-008-300x225.jpg 300w, https:\/\/agora.xtec.cat\/ceip-catalunya-sabadell\/wp-content\/uploads\/usu823\/2017\/05\/Imagen-008-768x576.jpg 768w, https:\/\/agora.xtec.cat\/ceip-catalunya-sabadell\/wp-content\/uploads\/usu823\/2017\/05\/Imagen-008-200x150.jpg 200w\" sizes=\"auto, (max-width: 1024px) 100vw, 1024px\" \/><\/a><\/p>\n<p>&nbsp;<\/p>\n","protected":false},"excerpt":{"rendered":"<p>Quina proposta m\u00e9s divertida!!\u00a0 I el m\u00e9s interessant de tot \u00e9s que col.laborem amb el medi ambient fent sostenible la recollida i reciclatge de residus.<br \/>\nAlumnes, familiars i mestres ens vam trobar el 17 de maig al mat\u00ed per fer i decorar un bocanroll (roba plastificada&hellip;  <a href=\"https:\/\/agora.xtec.cat\/ceip-catalunya-sabadell\/portada\/fem-tots-junts-un-bocanroll\/\" title=\"Read FEM TOTS JUNTS UN BOCANROLL?\">Llegeix m\u00e9s\u00bb<\/a><\/p>\n","protected":false},"author":3,"featured_media":730,"comment_status":"open","ping_status":"open","sticky":false,"template":"","format":"standard","meta":{"_bbp_topic_count":0,"_bbp_reply_count":0,"_bbp_total_topic_count":0,"_bbp_total_reply_count":0,"_bbp_voice_count":0,"_bbp_anonymous_reply_count":0,"_bbp_topic_count_hidden":0,"_bbp_reply_count_hidden":0,"_bbp_forum_subforum_count":0,"footnotes":""},"categories":[38,4],"tags":[],"class_list":["post-729","post","type-post","status-publish","format-standard","has-post-thumbnail","hentry","category-sostenible","category-portada"],"post_mailing_queue_ids":[],"_links":{"self":[{"href":"https:\/\/agora.xtec.cat\/ceip-catalunya-sabadell\/wp-json\/wp\/v2\/posts\/729","targetHints":{"allow":["GET"]}}],"collection":[{"href":"https:\/\/agora.xtec.cat\/ceip-catalunya-sabadell\/wp-json\/wp\/v2\/posts"}],"about":[{"href":"https:\/\/agora.xtec.cat\/ceip-catalunya-sabadell\/wp-json\/wp\/v2\/types\/post"}],"author":[{"embeddable":true,"href":"https:\/\/agora.xtec.cat\/ceip-catalunya-sabadell\/wp-json\/wp\/v2\/users\/3"}],"replies":[{"embeddable":true,"href":"https:\/\/agora.xtec.cat\/ceip-catalunya-sabadell\/wp-json\/wp\/v2\/comments?post=729"}],"version-history":[{"count":2,"href":"https:\/\/agora.xtec.cat\/ceip-catalunya-sabadell\/wp-json\/wp\/v2\/posts\/729\/revisions"}],"predecessor-version":[{"id":732,"href":"https:\/\/agora.xtec.cat\/ceip-catalunya-sabadell\/wp-json\/wp\/v2\/posts\/729\/revisions\/732"}],"wp:featuredmedia":[{"embeddable":true,"href":"https:\/\/agora.xtec.cat\/ceip-catalunya-sabadell\/wp-json\/wp\/v2\/media\/730"}],"wp:attachment":[{"href":"https:\/\/agora.xtec.cat\/ceip-catalunya-sabadell\/wp-json\/wp\/v2\/media?parent=729"}],"wp:term":[{"taxonomy":"category","embeddable":true,"href":"https:\/\/agora.xtec.cat\/ceip-catalunya-sabadell\/wp-json\/wp\/v2\/categories?post=729"},{"taxonomy":"post_tag","embeddable":true,"href":"https:\/\/agora.xtec.cat\/ceip-catalunya-sabadell\/wp-json\/wp\/v2\/tags?post=729"}],"curies":[{"name":"wp","href":"https:\/\/api.w.org\/{rel}","templated":true}]}}