{"id":727,"date":"2017-05-25T11:30:10","date_gmt":"2017-05-25T09:30:10","guid":{"rendered":"http:\/\/agora.xtec.cat\/ceip-catalunya-sabadell\/?p=727"},"modified":"2017-05-25T11:30:10","modified_gmt":"2017-05-25T09:30:10","slug":"experimentem-amb-els-pulmons","status":"publish","type":"post","link":"https:\/\/agora.xtec.cat\/ceip-catalunya-sabadell\/portada\/experimentem-amb-els-pulmons\/","title":{"rendered":"EXPERIMENTEM AMB ELS PULMONS"},"content":{"rendered":"<p>Els nens i nenes de 4t estem treballant l\u2019APARELL RESPIRATORI. Per aix\u00f2 aquesta setmana hem fet la DISSECCI\u00d3 D\u2019UNS PULMONS DE XAI. Els hem observat, hem bufat a dins dels pulmons amb una canyeta i finalment hem tallat la tr\u00e0quea, els bronquis i els pulmons per veure com eren per dins.<\/p>\n<p>A m\u00e9s tamb\u00e9 hem pogut observar el cor del xai. Ha estat molt divertit i hem apr\u00e8s moltes coses!<\/p>\n<p>Si cliqueu a l&#8217;enlla\u00e7, podreu veure les fotografies:<\/p>\n<p><a href=\"https:\/\/goo.gl\/photos\/VaJrRJHHG8KddZ7W9\">https:\/\/goo.gl\/photos\/VaJrRJHHG8KddZ7W9<\/a><\/p>\n","protected":false},"excerpt":{"rendered":"<p>Els nens i nenes de 4t estem treballant l\u2019APARELL RESPIRATORI. Per aix\u00f2 aquesta setmana hem fet la DISSECCI\u00d3 D\u2019UNS PULMONS DE XAI. Els hem observat, hem bufat a dins dels pulmons amb una canyeta i finalment hem tallat la tr\u00e0quea, els bronquis i els pulmons&hellip;  <a href=\"https:\/\/agora.xtec.cat\/ceip-catalunya-sabadell\/portada\/experimentem-amb-els-pulmons\/\" title=\"Read EXPERIMENTEM AMB ELS PULMONS\">Llegeix m\u00e9s\u00bb<\/a><\/p>\n","protected":false},"author":3,"featured_media":0,"comment_status":"open","ping_status":"open","sticky":false,"template":"","format":"standard","meta":{"_bbp_topic_count":0,"_bbp_reply_count":0,"_bbp_total_topic_count":0,"_bbp_total_reply_count":0,"_bbp_voice_count":0,"_bbp_anonymous_reply_count":0,"_bbp_topic_count_hidden":0,"_bbp_reply_count_hidden":0,"_bbp_forum_subforum_count":0,"footnotes":""},"categories":[13,4,5],"tags":[],"class_list":["post-727","post","type-post","status-publish","format-standard","hentry","category-4t","category-portada","category-primaria"],"post_mailing_queue_ids":[],"_links":{"self":[{"href":"https:\/\/agora.xtec.cat\/ceip-catalunya-sabadell\/wp-json\/wp\/v2\/posts\/727","targetHints":{"allow":["GET"]}}],"collection":[{"href":"https:\/\/agora.xtec.cat\/ceip-catalunya-sabadell\/wp-json\/wp\/v2\/posts"}],"about":[{"href":"https:\/\/agora.xtec.cat\/ceip-catalunya-sabadell\/wp-json\/wp\/v2\/types\/post"}],"author":[{"embeddable":true,"href":"https:\/\/agora.xtec.cat\/ceip-catalunya-sabadell\/wp-json\/wp\/v2\/users\/3"}],"replies":[{"embeddable":true,"href":"https:\/\/agora.xtec.cat\/ceip-catalunya-sabadell\/wp-json\/wp\/v2\/comments?post=727"}],"version-history":[{"count":1,"href":"https:\/\/agora.xtec.cat\/ceip-catalunya-sabadell\/wp-json\/wp\/v2\/posts\/727\/revisions"}],"predecessor-version":[{"id":728,"href":"https:\/\/agora.xtec.cat\/ceip-catalunya-sabadell\/wp-json\/wp\/v2\/posts\/727\/revisions\/728"}],"wp:attachment":[{"href":"https:\/\/agora.xtec.cat\/ceip-catalunya-sabadell\/wp-json\/wp\/v2\/media?parent=727"}],"wp:term":[{"taxonomy":"category","embeddable":true,"href":"https:\/\/agora.xtec.cat\/ceip-catalunya-sabadell\/wp-json\/wp\/v2\/categories?post=727"},{"taxonomy":"post_tag","embeddable":true,"href":"https:\/\/agora.xtec.cat\/ceip-catalunya-sabadell\/wp-json\/wp\/v2\/tags?post=727"}],"curies":[{"name":"wp","href":"https:\/\/api.w.org\/{rel}","templated":true}]}}