{"id":721,"date":"2017-05-09T11:20:28","date_gmt":"2017-05-09T09:20:28","guid":{"rendered":"http:\/\/agora.xtec.cat\/ceip-catalunya-sabadell\/?p=721"},"modified":"2017-05-09T11:26:14","modified_gmt":"2017-05-09T09:26:14","slug":"barca-kids-a-3r","status":"publish","type":"post","link":"https:\/\/agora.xtec.cat\/ceip-catalunya-sabadell\/portada\/barca-kids-a-3r\/","title":{"rendered":"BAR\u00c7A KIDS  a 3r"},"content":{"rendered":"<p>Els alumnes de 3r de l&#8217;escola han participat en el programa escolar de la Fundaci\u00f3 Bar\u00e7a Kids, que pret\u00e9n impulsar valors com el respecte, el treball en equip, etc.<\/p>\n<p>En aquest enlla\u00e7 trobareu m\u00e9s informaci\u00f3 i un \u00e0lbum de fotos de la jornada.<\/p>\n<p><a href=\"http:\/\/fcbkids.cat\/ca\/docents\/album-de-fotos\/escola-catalunya\/27042017-3r-a-i-3r-b\">http:\/\/fcbkids.cat\/ca\/docents\/album-de-fotos\/escola-catalunya\/27042017-3r-a-i-3r-b<\/a><\/p>\n<p><a href=\"http:\/\/fcbkids.cat\/ca\/docents\/album-de-fotos\/escola-catalunya\/27042017-3r-a-i-3r-b\"><img loading=\"lazy\" decoding=\"async\" class=\"alignnone size-full wp-image-722\" src=\"http:\/\/agora.xtec.cat\/ceip-catalunya-sabadell\/wp-content\/uploads\/usu823\/2017\/05\/Dibujo.jpg\" alt=\"Dibujo\" width=\"537\" height=\"338\" srcset=\"https:\/\/agora.xtec.cat\/ceip-catalunya-sabadell\/wp-content\/uploads\/usu823\/2017\/05\/Dibujo.jpg 537w, https:\/\/agora.xtec.cat\/ceip-catalunya-sabadell\/wp-content\/uploads\/usu823\/2017\/05\/Dibujo-300x189.jpg 300w\" sizes=\"auto, (max-width: 537px) 100vw, 537px\" \/><\/a><\/p>\n","protected":false},"excerpt":{"rendered":"<p>Els alumnes de 3r de l&#8217;escola han participat en el programa escolar de la Fundaci\u00f3 Bar\u00e7a Kids, que pret\u00e9n impulsar valors com el respecte, el treball en equip, etc.<br \/>\nEn aquest enlla\u00e7 trobareu m\u00e9s informaci\u00f3 i un \u00e0lbum de fotos de la jornada.<br \/>\n<a href=\"http:\/\/fcbkids.cat\/ca\/docents\/album-de-fotos\/escola-catalunya\/27042017-3r-a-i-3r-b\">http:\/\/fcbkids.cat\/ca\/docents\/album-de-fotos\/escola-catalunya\/27042017-3r-a-i-3r-b<\/a><br \/>\n<a href=\"http:\/\/fcbkids.cat\/ca\/docents\/album-de-fotos\/escola-catalunya\/27042017-3r-a-i-3r-b\"><\/a><\/p>\n","protected":false},"author":3,"featured_media":722,"comment_status":"open","ping_status":"open","sticky":false,"template":"","format":"standard","meta":{"_bbp_topic_count":0,"_bbp_reply_count":0,"_bbp_total_topic_count":0,"_bbp_total_reply_count":0,"_bbp_voice_count":0,"_bbp_anonymous_reply_count":0,"_bbp_topic_count_hidden":0,"_bbp_reply_count_hidden":0,"_bbp_forum_subforum_count":0,"footnotes":""},"categories":[42,4],"tags":[77,75,76],"class_list":["post-721","post","type-post","status-publish","format-standard","has-post-thumbnail","hentry","category-educacio-emocional","category-portada","tag-barcakids","tag-respecte","tag-treball-en-equip"],"post_mailing_queue_ids":[],"_links":{"self":[{"href":"https:\/\/agora.xtec.cat\/ceip-catalunya-sabadell\/wp-json\/wp\/v2\/posts\/721","targetHints":{"allow":["GET"]}}],"collection":[{"href":"https:\/\/agora.xtec.cat\/ceip-catalunya-sabadell\/wp-json\/wp\/v2\/posts"}],"about":[{"href":"https:\/\/agora.xtec.cat\/ceip-catalunya-sabadell\/wp-json\/wp\/v2\/types\/post"}],"author":[{"embeddable":true,"href":"https:\/\/agora.xtec.cat\/ceip-catalunya-sabadell\/wp-json\/wp\/v2\/users\/3"}],"replies":[{"embeddable":true,"href":"https:\/\/agora.xtec.cat\/ceip-catalunya-sabadell\/wp-json\/wp\/v2\/comments?post=721"}],"version-history":[{"count":2,"href":"https:\/\/agora.xtec.cat\/ceip-catalunya-sabadell\/wp-json\/wp\/v2\/posts\/721\/revisions"}],"predecessor-version":[{"id":724,"href":"https:\/\/agora.xtec.cat\/ceip-catalunya-sabadell\/wp-json\/wp\/v2\/posts\/721\/revisions\/724"}],"wp:featuredmedia":[{"embeddable":true,"href":"https:\/\/agora.xtec.cat\/ceip-catalunya-sabadell\/wp-json\/wp\/v2\/media\/722"}],"wp:attachment":[{"href":"https:\/\/agora.xtec.cat\/ceip-catalunya-sabadell\/wp-json\/wp\/v2\/media?parent=721"}],"wp:term":[{"taxonomy":"category","embeddable":true,"href":"https:\/\/agora.xtec.cat\/ceip-catalunya-sabadell\/wp-json\/wp\/v2\/categories?post=721"},{"taxonomy":"post_tag","embeddable":true,"href":"https:\/\/agora.xtec.cat\/ceip-catalunya-sabadell\/wp-json\/wp\/v2\/tags?post=721"}],"curies":[{"name":"wp","href":"https:\/\/api.w.org\/{rel}","templated":true}]}}