{"id":712,"date":"2017-04-26T10:28:06","date_gmt":"2017-04-26T08:28:06","guid":{"rendered":"http:\/\/agora.xtec.cat\/ceip-catalunya-sabadell\/?p=712"},"modified":"2017-04-26T11:50:21","modified_gmt":"2017-04-26T09:50:21","slug":"els-petits-de-lescola-celebren-sant-jordi","status":"publish","type":"post","link":"https:\/\/agora.xtec.cat\/ceip-catalunya-sabadell\/infantil\/els-petits-de-lescola-celebren-sant-jordi\/","title":{"rendered":"ELS PETITS DE L&#8217;ESCOLA CELEBREN SANT JORDI"},"content":{"rendered":"<div><span style=\"color: #38761d; font-size: xx-large;\"><b>Els nens i nenes de 5\u00e8 ens van fer una representaci\u00f3 de poemes i can\u00e7ons.<\/b><\/span><\/div>\n<div>\n<div><a href=\"https:\/\/goo.gl\/photos\/t9n9AzDo9Ms1vFCB8\" target=\"_blank\"><img loading=\"lazy\" decoding=\"async\" src=\"https:\/\/sites.google.com\/a\/xtec.cat\/educacio-infantil-escola-catalunya-sabadell\/_\/rsrc\/1493118921213\/educacio-infantil-16-17\/DSC04915.JPG?height=240&amp;width=320\" alt=\"Teatre 5\u00e8\" width=\"320\" height=\"240\" border=\"0\" \/><\/a><\/div>\n<p><b><span style=\"color: #274e13;\"><span style=\"font-size: small;\">\u00a0\u00a0 \u00a0\u00a0\u00a0 \u00a0\u00a0\u00a0 \u00a0\u00a0\u00a0 \u00a0\u00a0\u00a0 \u00a0\u00a0\u00a0 \u00a0\u00a0\u00a0 \u00a0\u00a0\u00a0 \u00a0\u00a0\u00a0 \u00a0\u00a0\u00a0 \u00a0\u00a0\u00a0 \u00a0\u00a0\u00a0 \u00a0\u00a0\u00a0 \u00a0\u00a0\u00a0 \u00a0\u00a0\u00a0 \u00a0\u00a0\u00a0 \u00a0\u00a0\u00a0 \u00a0\u00a0\u00a0 \u00a0\u00a0\u00a0 \u00a0\u00a0\u00a0 \u00a0\u00a0 Cliqueu a la foto<\/span><\/span><\/b><\/p>\n<\/div>\n<div><b><span style=\"color: #274e13;\"><span style=\"font-size: small;\">\u00a0<\/span><\/span><\/b><\/div>\n<div><b><span style=\"color: #274e13;\">FEM BALLAR LA CUCA<\/span><\/b><\/div>\n<div><span style=\"color: #ff0000; font-size: xx-large;\"><b><span style=\"color: #274e13;\">\u00a0<\/span><\/b><\/span><\/div>\n<div>\n<div><a href=\"https:\/\/goo.gl\/photos\/rF11ep3srM3HJuBF8\" target=\"_blank\"><img loading=\"lazy\" decoding=\"async\" src=\"https:\/\/sites.google.com\/a\/xtec.cat\/educacio-infantil-escola-catalunya-sabadell\/_\/rsrc\/1493120099667\/educacio-infantil-16-17\/DSC04992.JPG?height=300&amp;width=400\" alt=\"Fem ballar la cuca\" width=\"400\" height=\"300\" border=\"0\" \/><\/a><\/div>\n<div><span style=\"font-size: small;\">Cliqueu a la foto<\/span><\/div>\n<\/div>\n<div><span style=\"color: #ff0000; font-size: xx-large;\"><b><span style=\"color: #274e13;\">\u00a0<\/span><\/b><\/span><\/div>\n<div>\n<div>\n<div class=\"sites-embed-align-center-wrapping-off\">\n<div class=\"sites-embed-border-on sites-embed\">\n<h4 class=\"sites-embed-title\">P3<\/h4>\n<div class=\"sites-embed-content sites-embed-type-youtube\"><iframe loading=\"lazy\" class=\"youtube-player\" title=\"YouTube video player\" src=\"https:\/\/www.youtube.com\/embed\/b7DxRHoWZeg?rel=0&amp;wmode=opaque\" width=\"480\" height=\"270\" frameborder=\"0\" allowfullscreen=\"allowfullscreen\"><\/iframe><\/div>\n<\/div>\n<\/div>\n<\/div>\n<div><\/div>\n<div>\n<div>\n<div class=\"sites-embed-align-center-wrapping-off\">\n<div class=\"sites-embed-border-on sites-embed\">\n<h4 class=\"sites-embed-title\">P3<\/h4>\n<div class=\"sites-embed-content sites-embed-type-youtube\"><iframe loading=\"lazy\" class=\"youtube-player\" title=\"YouTube video player\" src=\"https:\/\/www.youtube.com\/embed\/d7CDJPfCqek?rel=0&amp;wmode=opaque\" width=\"480\" height=\"270\" frameborder=\"0\" allowfullscreen=\"allowfullscreen\"><\/iframe><\/div>\n<\/div>\n<\/div>\n<\/div>\n<div><\/div>\n<div>\n<div>\n<div class=\"sites-embed-align-center-wrapping-off\">\n<div class=\"sites-embed-border-on sites-embed\">\n<h4 class=\"sites-embed-title\">p3<\/h4>\n<div class=\"sites-embed-content sites-embed-type-youtube\"><iframe loading=\"lazy\" class=\"youtube-player\" title=\"YouTube video player\" src=\"https:\/\/www.youtube.com\/embed\/AG1La4MUOj8?rel=0&amp;wmode=opaque\" width=\"480\" height=\"270\" frameborder=\"0\" allowfullscreen=\"allowfullscreen\"><\/iframe><\/div>\n<\/div>\n<\/div>\n<\/div>\n<\/div>\n<\/div>\n<div>\n<div>\n<div class=\"sites-embed-align-center-wrapping-off\">\n<div class=\"sites-embed-border-on sites-embed\">\n<h4 class=\"sites-embed-title\">P3<\/h4>\n<div class=\"sites-embed-content sites-embed-type-youtube\"><iframe loading=\"lazy\" class=\"youtube-player\" title=\"YouTube video player\" src=\"https:\/\/www.youtube.com\/embed\/qwYWRx9Q9Wc?rel=0&amp;wmode=opaque\" width=\"480\" height=\"270\" frameborder=\"0\" allowfullscreen=\"allowfullscreen\"><\/iframe><\/div>\n<\/div>\n<\/div>\n<\/div>\n<\/div>\n<\/div>\n<div>\n<div>\n<div class=\"sites-embed-align-center-wrapping-off\">\n<div class=\"sites-embed-border-on sites-embed\">\n<h4 class=\"sites-embed-title\">P4<\/h4>\n<div class=\"sites-embed-content sites-embed-type-youtube\"><iframe loading=\"lazy\" class=\"youtube-player\" title=\"YouTube video player\" src=\"https:\/\/www.youtube.com\/embed\/cQMxqRNpaDI?rel=0&amp;wmode=opaque\" width=\"480\" height=\"270\" frameborder=\"0\" allowfullscreen=\"allowfullscreen\"><\/iframe><\/div>\n<\/div>\n<\/div>\n<\/div>\n<p><span style=\"color: #ff0000; font-size: xx-large;\"><b><span style=\"color: #274e13;\"><br \/>\n<\/span><\/b><\/span><\/p>\n<\/div>\n<div>\n<div>\n<div class=\"sites-embed-align-center-wrapping-off\">\n<div class=\"sites-embed-border-on sites-embed\">\n<h4 class=\"sites-embed-title\">P4<\/h4>\n<div class=\"sites-embed-content sites-embed-type-youtube\"><iframe loading=\"lazy\" class=\"youtube-player\" title=\"YouTube video player\" src=\"https:\/\/www.youtube.com\/embed\/IR7261pqf54?rel=0&amp;wmode=opaque\" width=\"480\" height=\"270\" frameborder=\"0\" allowfullscreen=\"allowfullscreen\"><\/iframe><\/div>\n<\/div>\n<\/div>\n<\/div>\n<div><\/div>\n<div>\n<div>\n<div class=\"sites-embed-align-center-wrapping-off\">\n<div class=\"sites-embed-border-on sites-embed\">\n<h4 class=\"sites-embed-title\">P5<\/h4>\n<div class=\"sites-embed-content sites-embed-type-youtube\"><iframe loading=\"lazy\" class=\"youtube-player\" title=\"YouTube video player\" src=\"https:\/\/www.youtube.com\/embed\/cDwtj6SeMxY?rel=0&amp;wmode=opaque\" width=\"480\" height=\"270\" frameborder=\"0\" allowfullscreen=\"allowfullscreen\"><\/iframe><\/div>\n<\/div>\n<\/div>\n<\/div>\n<\/div>\n<div>\n<div class=\"sites-embed-align-center-wrapping-off\">\n<div class=\"sites-embed-border-on sites-embed\">\n<h4 class=\"sites-embed-title\">P5<\/h4>\n<div class=\"sites-embed-content sites-embed-type-youtube\"><iframe loading=\"lazy\" class=\"youtube-player\" title=\"YouTube video player\" src=\"https:\/\/www.youtube.com\/embed\/ccnSguodgfM?rel=0&amp;wmode=opaque\" width=\"480\" height=\"270\" frameborder=\"0\" allowfullscreen=\"allowfullscreen\"><\/iframe><\/div>\n<\/div>\n<\/div>\n<\/div>\n<p><span style=\"color: #ff0000; font-size: xx-large;\"><b><span style=\"color: #274e13;\"><br \/>\n<\/span><\/b><\/span><\/p>\n<\/div>\n<div>\n<div>\n<div class=\"sites-embed-align-center-wrapping-off\">\n<div class=\"sites-embed-border-on sites-embed\">\n<h4 class=\"sites-embed-title\">P5<\/h4>\n<div class=\"sites-embed-content sites-embed-type-youtube\"><iframe loading=\"lazy\" class=\"youtube-player\" title=\"YouTube video player\" src=\"https:\/\/www.youtube.com\/embed\/a2YK_gtGb-s?rel=0&amp;wmode=opaque\" width=\"480\" height=\"270\" frameborder=\"0\" allowfullscreen=\"allowfullscreen\"><\/iframe><\/div>\n<\/div>\n<\/div>\n<\/div>\n<p><span style=\"color: #ff0000; font-size: xx-large;\"><b><span style=\"color: #274e13;\"><br \/>\n<\/span><\/b><\/span><\/p>\n<\/div>\n<div><span style=\"color: #274e13; font-size: xx-large;\"><b>Concert de SOMSONS<\/b><\/span><\/div>\n<div><\/div>\n<div>Per veure m\u00e9s fotografies, podeu clicar a la imatge.<\/div>\n<div><\/div>\n<div><\/div>\n<div>\n<div><a href=\"https:\/\/goo.gl\/photos\/1krZFP3u7qHwEspg9\" target=\"_blank\"><img loading=\"lazy\" decoding=\"async\" src=\"https:\/\/sites.google.com\/a\/xtec.cat\/educacio-infantil-escola-catalunya-sabadell\/_\/rsrc\/1493123229784\/educacio-infantil-16-17\/DSC05050.JPG?height=300&amp;width=400\" alt=\"https:\/\/goo.gl\/photos\/1krZFP3u7qHwEspg9\" width=\"400\" height=\"300\" border=\"0\" \/><\/a><\/div>\n<\/div>\n","protected":false},"excerpt":{"rendered":"<p>Els nens i nenes de 5\u00e8 ens van fer una representaci\u00f3 de poemes i can\u00e7ons.<\/p>\n<p><a href=\"https:\/\/goo.gl\/photos\/t9n9AzDo9Ms1vFCB8\" target=\"_blank\"><\/a><br \/>\n\u00a0\u00a0 \u00a0\u00a0\u00a0 \u00a0\u00a0\u00a0 \u00a0\u00a0\u00a0 \u00a0\u00a0\u00a0 \u00a0\u00a0\u00a0 \u00a0\u00a0\u00a0 \u00a0\u00a0\u00a0 \u00a0\u00a0\u00a0 \u00a0\u00a0\u00a0 \u00a0\u00a0\u00a0 \u00a0\u00a0\u00a0 \u00a0\u00a0\u00a0 \u00a0\u00a0\u00a0 \u00a0\u00a0\u00a0 \u00a0\u00a0\u00a0 \u00a0\u00a0\u00a0 \u00a0\u00a0\u00a0 \u00a0\u00a0\u00a0 \u00a0\u00a0\u00a0 \u00a0\u00a0 Cliqueu a la foto<\/p>\n<p>\u00a0<br \/>\nFEM BALLAR LA CUCA<br \/>\n\u00a0<\/p>\n<p><a href=\"https:\/\/goo.gl\/photos\/rF11ep3srM3HJuBF8\"&hellip;  <a href=\"https:\/\/agora.xtec.cat\/ceip-catalunya-sabadell\/infantil\/els-petits-de-lescola-celebren-sant-jordi\/\" title=\"Read ELS PETITS DE L&#8217;ESCOLA CELEBREN SANT JORDI\">Llegeix m\u00e9s\u00bb<\/a><\/p>\n","protected":false},"author":3,"featured_media":714,"comment_status":"open","ping_status":"open","sticky":false,"template":"","format":"standard","meta":{"_bbp_topic_count":0,"_bbp_reply_count":0,"_bbp_total_topic_count":0,"_bbp_total_reply_count":0,"_bbp_voice_count":0,"_bbp_anonymous_reply_count":0,"_bbp_topic_count_hidden":0,"_bbp_reply_count_hidden":0,"_bbp_forum_subforum_count":0,"footnotes":""},"categories":[36,2,39,4,37],"tags":[],"class_list":["post-712","post","type-post","status-publish","format-standard","has-post-thumbnail","hentry","category-festes","category-infantil","category-jo-llegeixo-jo-escric-jo-visc","category-portada","category-teatre"],"post_mailing_queue_ids":[],"_links":{"self":[{"href":"https:\/\/agora.xtec.cat\/ceip-catalunya-sabadell\/wp-json\/wp\/v2\/posts\/712","targetHints":{"allow":["GET"]}}],"collection":[{"href":"https:\/\/agora.xtec.cat\/ceip-catalunya-sabadell\/wp-json\/wp\/v2\/posts"}],"about":[{"href":"https:\/\/agora.xtec.cat\/ceip-catalunya-sabadell\/wp-json\/wp\/v2\/types\/post"}],"author":[{"embeddable":true,"href":"https:\/\/agora.xtec.cat\/ceip-catalunya-sabadell\/wp-json\/wp\/v2\/users\/3"}],"replies":[{"embeddable":true,"href":"https:\/\/agora.xtec.cat\/ceip-catalunya-sabadell\/wp-json\/wp\/v2\/comments?post=712"}],"version-history":[{"count":3,"href":"https:\/\/agora.xtec.cat\/ceip-catalunya-sabadell\/wp-json\/wp\/v2\/posts\/712\/revisions"}],"predecessor-version":[{"id":717,"href":"https:\/\/agora.xtec.cat\/ceip-catalunya-sabadell\/wp-json\/wp\/v2\/posts\/712\/revisions\/717"}],"wp:featuredmedia":[{"embeddable":true,"href":"https:\/\/agora.xtec.cat\/ceip-catalunya-sabadell\/wp-json\/wp\/v2\/media\/714"}],"wp:attachment":[{"href":"https:\/\/agora.xtec.cat\/ceip-catalunya-sabadell\/wp-json\/wp\/v2\/media?parent=712"}],"wp:term":[{"taxonomy":"category","embeddable":true,"href":"https:\/\/agora.xtec.cat\/ceip-catalunya-sabadell\/wp-json\/wp\/v2\/categories?post=712"},{"taxonomy":"post_tag","embeddable":true,"href":"https:\/\/agora.xtec.cat\/ceip-catalunya-sabadell\/wp-json\/wp\/v2\/tags?post=712"}],"curies":[{"name":"wp","href":"https:\/\/api.w.org\/{rel}","templated":true}]}}