{"id":700,"date":"2017-04-07T13:46:51","date_gmt":"2017-04-07T11:46:51","guid":{"rendered":"http:\/\/agora.xtec.cat\/ceip-catalunya-sabadell\/?p=700"},"modified":"2017-09-19T10:46:08","modified_gmt":"2017-09-19T08:46:08","slug":"circuits-electrics-a-6e","status":"publish","type":"post","link":"https:\/\/agora.xtec.cat\/ceip-catalunya-sabadell\/portada\/circuits-electrics-a-6e\/","title":{"rendered":"CIRCUITS EL\u00c8CTRICS A 6\u00e8"},"content":{"rendered":"<p>Aquests darrers dies, hem estat treballant amb circuits el\u00e8ctrics.<\/p>\n<p>Al principi, el mestre ens va explicar detalladament que era un circuit el\u00e8ctric i quina funci\u00f3 t\u00e9. Despr\u00e9s ens va repartir uns fulls on ho explicava molt b\u00e9 i aquests fulls deien:<\/p>\n<p><strong>-Que \u00e9s un circuit el\u00e8ctric?<\/strong><\/p>\n<p>\u00c9s un conjunt d\u2019elements que permet generar, distribuir i aprofitar el corrent el\u00e8ctric.<\/p>\n<p><strong>-Qu\u00e8 \u00e9s un generador el\u00e8ctric?<\/strong><\/p>\n<p>\u00c9s la central el\u00e8ctrica, en el nostre cas era una pila.<\/p>\n<p><strong>-Qu\u00e8 s\u00f3n els fils el\u00e8ctrics?<\/strong><\/p>\n<p>S\u00f3n els que transporten el corrent el\u00e8ctric fins a casa teva, despr\u00e9s fins a l\u2019endoll i finalment fins a la bombeta, en el nostre cas eren uns cables de coure.<\/p>\n<p><strong>-Qu\u00e8 \u00e9s una bombeta?<\/strong><\/p>\n<p>\u00c9s la que aprofita el corrent el\u00e8ctric per fer llum.<\/p>\n<p><strong>Els utensilis que vam utilitzar s\u00f3n:<\/strong><\/p>\n<p>-Una pila que \u00e9s el generador.<\/p>\n<p>-3 trossets de 15cm de cable de coure, s\u00f3n els conductors.<\/p>\n<p>-1 enquadernador<\/p>\n<p>-un portabombetes<\/p>\n<p>-una bombeta<\/p>\n<p>Ha estat molt interessant i hem apr\u00e8s moltes coses sobre electricitat.<\/p>\n<p><iframe loading=\"lazy\" src=\"\/\/www.youtube.com\/embed\/txv4JFX7ryg\" width=\"560\" height=\"314\" allowfullscreen=\"allowfullscreen\"><\/iframe><\/p>\n<p><iframe loading=\"lazy\" src=\"\/\/www.youtube.com\/embed\/gYwIXyaIK-c\" width=\"560\" height=\"314\" allowfullscreen=\"allowfullscreen\"><\/iframe><\/p>\n","protected":false},"excerpt":{"rendered":"<p>Aquests darrers dies, hem estat treballant amb circuits el\u00e8ctrics.<br \/>\nAl principi, el mestre ens va explicar detalladament que era un circuit el\u00e8ctric i quina funci\u00f3 t\u00e9. Despr\u00e9s ens va repartir uns fulls on ho explicava molt b\u00e9 i aquests fulls deien:<br \/>\n-Que \u00e9s un circuit el\u00e8ctric?<br \/>\n\u00c9s un&hellip;  <a href=\"https:\/\/agora.xtec.cat\/ceip-catalunya-sabadell\/portada\/circuits-electrics-a-6e\/\" title=\"Read CIRCUITS EL\u00c8CTRICS A 6\u00e8\">Llegeix m\u00e9s\u00bb<\/a><\/p>\n","protected":false},"author":3,"featured_media":701,"comment_status":"open","ping_status":"closed","sticky":false,"template":"","format":"standard","meta":{"_bbp_topic_count":0,"_bbp_reply_count":0,"_bbp_total_topic_count":0,"_bbp_total_reply_count":0,"_bbp_voice_count":0,"_bbp_anonymous_reply_count":0,"_bbp_topic_count_hidden":0,"_bbp_reply_count_hidden":0,"_bbp_forum_subforum_count":0,"footnotes":""},"categories":[4,5],"tags":[],"class_list":["post-700","post","type-post","status-publish","format-standard","has-post-thumbnail","hentry","category-portada","category-primaria"],"post_mailing_queue_ids":[],"_links":{"self":[{"href":"https:\/\/agora.xtec.cat\/ceip-catalunya-sabadell\/wp-json\/wp\/v2\/posts\/700","targetHints":{"allow":["GET"]}}],"collection":[{"href":"https:\/\/agora.xtec.cat\/ceip-catalunya-sabadell\/wp-json\/wp\/v2\/posts"}],"about":[{"href":"https:\/\/agora.xtec.cat\/ceip-catalunya-sabadell\/wp-json\/wp\/v2\/types\/post"}],"author":[{"embeddable":true,"href":"https:\/\/agora.xtec.cat\/ceip-catalunya-sabadell\/wp-json\/wp\/v2\/users\/3"}],"replies":[{"embeddable":true,"href":"https:\/\/agora.xtec.cat\/ceip-catalunya-sabadell\/wp-json\/wp\/v2\/comments?post=700"}],"version-history":[{"count":1,"href":"https:\/\/agora.xtec.cat\/ceip-catalunya-sabadell\/wp-json\/wp\/v2\/posts\/700\/revisions"}],"predecessor-version":[{"id":702,"href":"https:\/\/agora.xtec.cat\/ceip-catalunya-sabadell\/wp-json\/wp\/v2\/posts\/700\/revisions\/702"}],"wp:featuredmedia":[{"embeddable":true,"href":"https:\/\/agora.xtec.cat\/ceip-catalunya-sabadell\/wp-json\/wp\/v2\/media\/701"}],"wp:attachment":[{"href":"https:\/\/agora.xtec.cat\/ceip-catalunya-sabadell\/wp-json\/wp\/v2\/media?parent=700"}],"wp:term":[{"taxonomy":"category","embeddable":true,"href":"https:\/\/agora.xtec.cat\/ceip-catalunya-sabadell\/wp-json\/wp\/v2\/categories?post=700"},{"taxonomy":"post_tag","embeddable":true,"href":"https:\/\/agora.xtec.cat\/ceip-catalunya-sabadell\/wp-json\/wp\/v2\/tags?post=700"}],"curies":[{"name":"wp","href":"https:\/\/api.w.org\/{rel}","templated":true}]}}