{"id":695,"date":"2017-04-06T13:02:01","date_gmt":"2017-04-06T11:02:01","guid":{"rendered":"http:\/\/agora.xtec.cat\/ceip-catalunya-sabadell\/?p=695"},"modified":"2017-04-06T13:04:10","modified_gmt":"2017-04-06T11:04:10","slug":"ii-cursa-solidaria","status":"publish","type":"post","link":"https:\/\/agora.xtec.cat\/ceip-catalunya-sabadell\/portada\/ii-cursa-solidaria\/","title":{"rendered":"II CURSA SOLID\u00c0RIA"},"content":{"rendered":"<p><a href=\"https:\/\/www.rockthesport.com\/evento\/sabadellcorrepelsnens\"><img loading=\"lazy\" decoding=\"async\" class=\"alignnone wp-image-697 size-full\" src=\"http:\/\/agora.xtec.cat\/ceip-catalunya-sabadell\/wp-content\/uploads\/usu823\/2017\/04\/SBD-CORRENENS.jpg\" alt=\"SBD CORRENENS\" width=\"570\" height=\"182\" srcset=\"https:\/\/agora.xtec.cat\/ceip-catalunya-sabadell\/wp-content\/uploads\/usu823\/2017\/04\/SBD-CORRENENS.jpg 570w, https:\/\/agora.xtec.cat\/ceip-catalunya-sabadell\/wp-content\/uploads\/usu823\/2017\/04\/SBD-CORRENENS-300x96.jpg 300w\" sizes=\"auto, (max-width: 570px) 100vw, 570px\" \/><\/a><\/p>\n<p>Benvolgudes fam\u00edlies,<\/p>\n<p>des de l&#8217;escola participarem a la gran festa que es far\u00e0 el dia 28 de maig al Parc Taul\u00ed,des de dues vessants:<\/p>\n<ol>\n<li>Col\u00b7laboraci\u00f3 amb l\u2019associaci\u00f3 <a href=\"http:\/\/www.bailalealavida.com\/\">\u201cB\u00c0ILALE A LA VIDA\u201d<\/a> , amb un treball que farem des de l\u2019\u00e0rea Arts&amp;Crafts i que s\u2019exposar\u00e0 el mateix dia 28 al Parc Taul\u00ed, conjuntament amb els d\u2019altres escoles de Sabadell<\/li>\n<li>Amb la participaci\u00f3 de tots els alumnes, pares, mares, mestres&#8230; en la II CURSA SOLID\u00c0RIA que es far\u00e0 a la nostra ciutat, organitzada per <a href=\"http:\/\/sabadellcorrepelsnenss.blogspot.com.es\/\">\u201cSABADELL CORRE PELS NENS\u201d<\/a><\/li>\n<\/ol>\n<p>Els nostres alumnes portaran a casa una butlleta d\u2019inscripci\u00f3 per la cursa, la podeu omplir i portar a l\u2019escola, on facilitarem la inscripci\u00f3 de tothom que vulgui participar.<\/p>\n<p>Si necessiteu m\u00e9s butlletes, nom\u00e9s cal que us adreceu a l\u2019escola i us facilitarem tantes com faci falta.<\/p>\n<p>La data m\u00e0xima per inscriure&#8217;s a l&#8217;escola \u00e9s el <strong>28 d\u2019abril.<\/strong><\/p>\n<p>Tamb\u00e9 podeu inscriure&#8217;s \u201conline\u201d, clicant el seg\u00fcent enlla\u00e7:<\/p>\n<p><a href=\"https:\/\/www.rockthesport.com\/evento\/sabadellcorrepelsnens\/inscripcion\/selecciona-tarifa\">https:\/\/www.rockthesport.com\/evento\/sabadellcorrepelsnens\/inscripcion\/selecciona-tarifa<\/a><\/p>\n<p>El preu de les inscripcions \u00e9s de 5\u20ac els menors fins a 15 anys i de 10\u20ac als adults +16 anys. \u00a0Es tracta d\u2019una cursa NO COMPETITIVA, el seu objectiu \u00e9s moure als infants i adults que no ho poden fer a trav\u00e9s dels nostres peus. Es pot fer passejant amb la fam\u00edlia, portant els cotxets dels nadons&#8230; fins i tot, participaran infants i adults que es desplacen amb cadira de rodes.<\/p>\n<p><strong>Des de l\u2019escola us animem a participar en aquesta festa solid\u00e0ria, tots els beneficis recaptats amb aquest acte aniran destinats \u00edntegrament al SERVEI DE MEDICINA PEDI\u00c0TRICA DE L\u2019HOSPITAL DE SABADELL, MALALTIES MINORIT\u00c0RIES. \u00a0<\/strong><\/p>\n<p><strong>Des de l\u2019escola farem un treball de conscienciaci\u00f3 amb els nostres alumnes del que comporta tenir una malaltia minorit\u00e0ria, i pensem que aquesta activitat, que es fa a nivell de tota la nostra ciutat, \u00e9s un molt bon exemple per treballar valors com la solidaritat i l\u2019empatia. <\/strong><\/p>\n<p>&nbsp;<\/p>\n","protected":false},"excerpt":{"rendered":"<p><a href=\"https:\/\/www.rockthesport.com\/evento\/sabadellcorrepelsnens\"><\/a><br \/>\nBenvolgudes fam\u00edlies,<br \/>\ndes de l&#8217;escola participarem a la gran festa que es far\u00e0 el dia 28 de maig al Parc Taul\u00ed,des de dues vessants:<\/p>\n<ol>\n<li>Col\u00b7laboraci\u00f3 amb l\u2019associaci\u00f3 <a href=\"http:\/\/www.bailalealavida.com\/\">\u201cB\u00c0ILALE A LA VIDA\u201d<\/a> , amb un treball que farem des de l\u2019\u00e0rea Arts&amp;Crafts i que s\u2019exposar\u00e0 el&hellip;  <a href=\"https:\/\/agora.xtec.cat\/ceip-catalunya-sabadell\/portada\/ii-cursa-solidaria\/\" title=\"Read II CURSA SOLID\u00c0RIA\">Llegeix m\u00e9s\u00bb<\/a><br \/>\n","protected":false},"author":3,"featured_media":697,"comment_status":"open","ping_status":"open","sticky":false,"template":"","format":"standard","meta":{"_bbp_topic_count":0,"_bbp_reply_count":0,"_bbp_total_topic_count":0,"_bbp_total_reply_count":0,"_bbp_voice_count":0,"_bbp_anonymous_reply_count":0,"_bbp_topic_count_hidden":0,"_bbp_reply_count_hidden":0,"_bbp_forum_subforum_count":0,"footnotes":""},"categories":[42,4],"tags":[70,71],"class_list":["post-695","post","type-post","status-publish","format-standard","has-post-thumbnail","hentry","category-educacio-emocional","category-portada","tag-sabadell-corre-pels-nens","tag-solidaritat"],"post_mailing_queue_ids":[],"_links":{"self":[{"href":"https:\/\/agora.xtec.cat\/ceip-catalunya-sabadell\/wp-json\/wp\/v2\/posts\/695","targetHints":{"allow":["GET"]}}],"collection":[{"href":"https:\/\/agora.xtec.cat\/ceip-catalunya-sabadell\/wp-json\/wp\/v2\/posts"}],"about":[{"href":"https:\/\/agora.xtec.cat\/ceip-catalunya-sabadell\/wp-json\/wp\/v2\/types\/post"}],"author":[{"embeddable":true,"href":"https:\/\/agora.xtec.cat\/ceip-catalunya-sabadell\/wp-json\/wp\/v2\/users\/3"}],"replies":[{"embeddable":true,"href":"https:\/\/agora.xtec.cat\/ceip-catalunya-sabadell\/wp-json\/wp\/v2\/comments?post=695"}],"version-history":[{"count":2,"href":"https:\/\/agora.xtec.cat\/ceip-catalunya-sabadell\/wp-json\/wp\/v2\/posts\/695\/revisions"}],"predecessor-version":[{"id":699,"href":"https:\/\/agora.xtec.cat\/ceip-catalunya-sabadell\/wp-json\/wp\/v2\/posts\/695\/revisions\/699"}],"wp:featuredmedia":[{"embeddable":true,"href":"https:\/\/agora.xtec.cat\/ceip-catalunya-sabadell\/wp-json\/wp\/v2\/media\/697"}],"wp:attachment":[{"href":"https:\/\/agora.xtec.cat\/ceip-catalunya-sabadell\/wp-json\/wp\/v2\/media?parent=695"}],"wp:term":[{"taxonomy":"category","embeddable":true,"href":"https:\/\/agora.xtec.cat\/ceip-catalunya-sabadell\/wp-json\/wp\/v2\/categories?post=695"},{"taxonomy":"post_tag","embeddable":true,"href":"https:\/\/agora.xtec.cat\/ceip-catalunya-sabadell\/wp-json\/wp\/v2\/tags?post=695"}],"curies":[{"name":"wp","href":"https:\/\/api.w.org\/{rel}","templated":true}]}}