{"id":682,"date":"2017-03-16T12:27:23","date_gmt":"2017-03-16T11:27:23","guid":{"rendered":"http:\/\/agora.xtec.cat\/ceip-catalunya-sabadell\/?p=682"},"modified":"2017-03-16T12:46:18","modified_gmt":"2017-03-16T11:46:18","slug":"petits-cientifics","status":"publish","type":"post","link":"https:\/\/agora.xtec.cat\/ceip-catalunya-sabadell\/portada\/petits-cientifics\/","title":{"rendered":"PETITS CIENT\u00cdFICS"},"content":{"rendered":"<p>Els alumnes\u00a0 de cinqu\u00e8, hem estat investigant sobre les PROPIETATS DE L\u2019AIGUA i les PROPIETATS DE LA MAT\u00c8RIA i per fer-ho ens hem dividit en petits grups cient\u00edfics.<\/p>\n<p>MATERIALS<\/p>\n<p>Experiment 1:\u00a0 aigua, polvos de talc, sab\u00f3 l\u00edquid, canyeta, safata plana<\/p>\n<p>Experiment 2:\u00a0 balan\u00e7a, recipient\u00a0 o proveta graduada, 2 s\u00f2lids, 2 l\u00edquids i agua<\/p>\n<p>En el primer cas, hem descobert una propietat de l\u2019aigua un xic m\u00e9s complicada que les altres (gust, color i olor). Hem comprovat que en l\u2019aigua, aix\u00ed com en els l\u00edquids, existeix una altra propietat que \u00e9s la TENSI\u00d3 SUPERFICIAL\u00a0 (propietat referida a la for\u00e7a que exerceixen les mol\u00e8cules, que no \u00e9s la mateixa a l\u2019interior que en la superf\u00edcie. A la superf\u00edcie les mol\u00e8cules tenen m\u00e9s for\u00e7a d\u2019atracci\u00f3 i creen una petita capa fina que permet surar coses amb poca massa). Hem pogut observar com els polvos de talc han quedat a la superf\u00edcie sobre la fina capa de la tensi\u00f3 de l\u2019aigua, per\u00f2 despr\u00e9s quan hi hem afegit el sab\u00f3, les mol\u00e8cules s\u2019han mogut i s\u2019han separat r\u00e0pidament trencant aquesta capa. El sab\u00f3 t\u00e9 m\u00e9s massa i densitat i aix\u00f2 ha fet trencar la capa.<\/p>\n<p>En el segon cas, sa m\u00e9s de les propietats espec\u00edfiques de la mat\u00e8ria hem pogut con\u00e8ixer i experimentar de prop dues propietats GENERALS de la mat\u00e8ria: la MASSA i el VOLUM (tant dels l\u00edquids com dels s\u00f2lids). Hem vist que per mesurar la massa ha estat m\u00e9s senzill que en el cas del volum que hem hagut de fer m\u00e9s operacions , per\u00f2 despr\u00e9s de raonar i fer servir un recipient graduat i aigua ho hem pogut obtenir.<\/p>\n<p>Finalment tamb\u00e9 hem descobert la DENSITAT en que si dividim la massa pel volum s\u2019obt\u00e9 el tipus de densitat de cada material&#8230;alerta amb les unitats de mesura! Les mates ens han ajudat, i hem transformat el litres en cent\u00edmetres c\u00fabics.<\/p>\n<p>Ha estat una experi\u00e8ncia molt divertida!<\/p>\n<p><img loading=\"lazy\" decoding=\"async\" class=\"alignnone size-large wp-image-685\" src=\"http:\/\/agora.xtec.cat\/ceip-catalunya-sabadell\/wp-content\/uploads\/usu823\/2017\/03\/IMG_2327-e1489663261512-768x1024.jpg\" alt=\"img_2327\" width=\"768\" height=\"1024\" srcset=\"https:\/\/agora.xtec.cat\/ceip-catalunya-sabadell\/wp-content\/uploads\/usu823\/2017\/03\/IMG_2327-e1489663261512-768x1024.jpg 768w, https:\/\/agora.xtec.cat\/ceip-catalunya-sabadell\/wp-content\/uploads\/usu823\/2017\/03\/IMG_2327-e1489663261512-225x300.jpg 225w\" sizes=\"auto, (max-width: 768px) 100vw, 768px\" \/> <img loading=\"lazy\" decoding=\"async\" class=\"alignnone size-large wp-image-684\" src=\"http:\/\/agora.xtec.cat\/ceip-catalunya-sabadell\/wp-content\/uploads\/usu823\/2017\/03\/IMG_2321-1024x768.jpg\" alt=\"img_2321\" width=\"1024\" height=\"768\" srcset=\"https:\/\/agora.xtec.cat\/ceip-catalunya-sabadell\/wp-content\/uploads\/usu823\/2017\/03\/IMG_2321-1024x768.jpg 1024w, https:\/\/agora.xtec.cat\/ceip-catalunya-sabadell\/wp-content\/uploads\/usu823\/2017\/03\/IMG_2321-300x225.jpg 300w, https:\/\/agora.xtec.cat\/ceip-catalunya-sabadell\/wp-content\/uploads\/usu823\/2017\/03\/IMG_2321-768x576.jpg 768w, https:\/\/agora.xtec.cat\/ceip-catalunya-sabadell\/wp-content\/uploads\/usu823\/2017\/03\/IMG_2321-200x150.jpg 200w\" sizes=\"auto, (max-width: 1024px) 100vw, 1024px\" \/> <img loading=\"lazy\" decoding=\"async\" class=\"alignnone size-large wp-image-683\" src=\"http:\/\/agora.xtec.cat\/ceip-catalunya-sabadell\/wp-content\/uploads\/usu823\/2017\/03\/IMG_2317-1024x768.jpg\" alt=\"img_2317\" width=\"1024\" height=\"768\" srcset=\"https:\/\/agora.xtec.cat\/ceip-catalunya-sabadell\/wp-content\/uploads\/usu823\/2017\/03\/IMG_2317-1024x768.jpg 1024w, https:\/\/agora.xtec.cat\/ceip-catalunya-sabadell\/wp-content\/uploads\/usu823\/2017\/03\/IMG_2317-300x225.jpg 300w, https:\/\/agora.xtec.cat\/ceip-catalunya-sabadell\/wp-content\/uploads\/usu823\/2017\/03\/IMG_2317-768x576.jpg 768w, https:\/\/agora.xtec.cat\/ceip-catalunya-sabadell\/wp-content\/uploads\/usu823\/2017\/03\/IMG_2317-200x150.jpg 200w\" sizes=\"auto, (max-width: 1024px) 100vw, 1024px\" \/><img loading=\"lazy\" decoding=\"async\" class=\"alignnone size-large wp-image-686\" src=\"http:\/\/agora.xtec.cat\/ceip-catalunya-sabadell\/wp-content\/uploads\/usu823\/2017\/03\/IMG_2332-768x1024.jpg\" alt=\"img_2332\" width=\"768\" height=\"1024\" srcset=\"https:\/\/agora.xtec.cat\/ceip-catalunya-sabadell\/wp-content\/uploads\/usu823\/2017\/03\/IMG_2332-768x1024.jpg 768w, https:\/\/agora.xtec.cat\/ceip-catalunya-sabadell\/wp-content\/uploads\/usu823\/2017\/03\/IMG_2332-225x300.jpg 225w\" sizes=\"auto, (max-width: 768px) 100vw, 768px\" \/> <img loading=\"lazy\" decoding=\"async\" class=\"alignnone size-large wp-image-687\" src=\"http:\/\/agora.xtec.cat\/ceip-catalunya-sabadell\/wp-content\/uploads\/usu823\/2017\/03\/IMG_2328-768x1024.jpg\" alt=\"img_2328\" width=\"768\" height=\"1024\" srcset=\"https:\/\/agora.xtec.cat\/ceip-catalunya-sabadell\/wp-content\/uploads\/usu823\/2017\/03\/IMG_2328-768x1024.jpg 768w, https:\/\/agora.xtec.cat\/ceip-catalunya-sabadell\/wp-content\/uploads\/usu823\/2017\/03\/IMG_2328-225x300.jpg 225w\" sizes=\"auto, (max-width: 768px) 100vw, 768px\" \/><\/p>\n","protected":false},"excerpt":{"rendered":"<p>Els alumnes\u00a0 de cinqu\u00e8, hem estat investigant sobre les PROPIETATS DE L\u2019AIGUA i les PROPIETATS DE LA MAT\u00c8RIA i per fer-ho ens hem dividit en petits grups cient\u00edfics.<br \/>\nMATERIALS<br \/>\nExperiment 1:\u00a0 aigua, polvos de talc, sab\u00f3 l\u00edquid, canyeta, safata plana<br \/>\nExperiment 2:\u00a0 balan\u00e7a, recipient\u00a0 o proveta graduada, 2&hellip;  <a href=\"https:\/\/agora.xtec.cat\/ceip-catalunya-sabadell\/portada\/petits-cientifics\/\" title=\"Read PETITS CIENT\u00cdFICS\">Llegeix m\u00e9s\u00bb<\/a><\/p>\n","protected":false},"author":3,"featured_media":0,"comment_status":"open","ping_status":"open","sticky":false,"template":"","format":"standard","meta":{"_bbp_topic_count":0,"_bbp_reply_count":0,"_bbp_total_topic_count":0,"_bbp_total_reply_count":0,"_bbp_voice_count":0,"_bbp_anonymous_reply_count":0,"_bbp_topic_count_hidden":0,"_bbp_reply_count_hidden":0,"_bbp_forum_subforum_count":0,"footnotes":""},"categories":[4,5],"tags":[],"class_list":["post-682","post","type-post","status-publish","format-standard","hentry","category-portada","category-primaria"],"post_mailing_queue_ids":[],"_links":{"self":[{"href":"https:\/\/agora.xtec.cat\/ceip-catalunya-sabadell\/wp-json\/wp\/v2\/posts\/682","targetHints":{"allow":["GET"]}}],"collection":[{"href":"https:\/\/agora.xtec.cat\/ceip-catalunya-sabadell\/wp-json\/wp\/v2\/posts"}],"about":[{"href":"https:\/\/agora.xtec.cat\/ceip-catalunya-sabadell\/wp-json\/wp\/v2\/types\/post"}],"author":[{"embeddable":true,"href":"https:\/\/agora.xtec.cat\/ceip-catalunya-sabadell\/wp-json\/wp\/v2\/users\/3"}],"replies":[{"embeddable":true,"href":"https:\/\/agora.xtec.cat\/ceip-catalunya-sabadell\/wp-json\/wp\/v2\/comments?post=682"}],"version-history":[{"count":1,"href":"https:\/\/agora.xtec.cat\/ceip-catalunya-sabadell\/wp-json\/wp\/v2\/posts\/682\/revisions"}],"predecessor-version":[{"id":688,"href":"https:\/\/agora.xtec.cat\/ceip-catalunya-sabadell\/wp-json\/wp\/v2\/posts\/682\/revisions\/688"}],"wp:attachment":[{"href":"https:\/\/agora.xtec.cat\/ceip-catalunya-sabadell\/wp-json\/wp\/v2\/media?parent=682"}],"wp:term":[{"taxonomy":"category","embeddable":true,"href":"https:\/\/agora.xtec.cat\/ceip-catalunya-sabadell\/wp-json\/wp\/v2\/categories?post=682"},{"taxonomy":"post_tag","embeddable":true,"href":"https:\/\/agora.xtec.cat\/ceip-catalunya-sabadell\/wp-json\/wp\/v2\/tags?post=682"}],"curies":[{"name":"wp","href":"https:\/\/api.w.org\/{rel}","templated":true}]}}