{"id":622,"date":"2016-11-28T09:33:49","date_gmt":"2016-11-28T08:33:49","guid":{"rendered":"http:\/\/agora.xtec.cat\/ceip-catalunya-sabadell\/?p=622"},"modified":"2016-11-28T09:33:49","modified_gmt":"2016-11-28T08:33:49","slug":"projecte-agenda-21","status":"publish","type":"post","link":"https:\/\/agora.xtec.cat\/ceip-catalunya-sabadell\/portada\/projecte-agenda-21\/","title":{"rendered":"PROJECTE AGENDA 21 +"},"content":{"rendered":"<p>Com ja sabeu, aquest any l&#8217;escola participa en el projecte de l&#8217;Agenda 21 plus. Aqu\u00ed teniu el resultat del treball d&#8217;investigaci\u00f3 que han fet els <strong>alumnes de 5\u00e8<\/strong> per saber en qu\u00e8 consisteix aquest projecte i les seves implicacions.<\/p>\n<p>Trobareu les imatges, clicant <a href=\"https:\/\/goo.gl\/photos\/V4MHy1xomTtkS1F26\">aqu\u00ed<\/a>.<\/p>\n<ol>\n<li><strong>Qu\u00e8 vol dir Agenda 21 Plus?<\/strong><\/li>\n<\/ol>\n<p>Agenda vol dir un quadern on ens apuntem els deures, les feines a fer o activitats que tens pendents.<\/p>\n<p>Vint-i-u vol dir el segle que estem, el segle 21, i Plus perqu\u00e8 les tasques que ens falten fer per cuidar la natura s\u00f3n molt importants.<\/p>\n<p>La idea d\u2019aquest projecte va sorgir l\u2019any 1992 , al segle vint, en una reuni\u00f3 amb pol\u00edtics, cient\u00edfics i representants de molts pa\u00efsos del m\u00f3n i es va fer a Rio de Janeiro (Brasil ).<\/p>\n<p>En aquesta reuni\u00f3 van fer una llista de coses a realitzar per cuidar la natura durant el segle vint-i-u. \u00c9s a dir, les coses que haur\u00edem de fer per tenir m\u00e9s cura del nostre planeta i de la natura i el que volem millorar en aquest segle.<\/p>\n<p>La nostra ciutat, Sabadell, va voler participar en aquest projecte mediambiental per tal de millorar el que ara ja est\u00e0 fent i les escoles de Sabadell tamb\u00e9 van voler participar.<\/p>\n<p>&nbsp;<\/p>\n<p><strong>2. Qui l\u2019organitza a Sabadell?<\/strong><\/p>\n<p>A Sabadell l\u2019organitza l\u2019ajuntament perqu\u00e8 van decidir que la nostra ciutat tamb\u00e9 volien participar en el projecte Agenda 21 Plus.<\/p>\n<p>&nbsp;<\/p>\n<p><strong>3. Per qu\u00e8 es fa a la nostra escola?<\/strong><\/p>\n<p>Es fa a la nostra escola perqu\u00e8 som una escola que va voler participar en aquest projecte, i va ser escollida per l\u2019ajuntament de Sabadell amb sis escoles m\u00e9s de tot Sabadell.<\/p>\n<p>&nbsp;<\/p>\n<p><strong>4. Quins objectius es volen aconseguir?<\/strong><\/p>\n<p>Pret\u00e9n aconseguir que no gastem tants diners i estalviem aigua i electricitat, \u00e9s a dir, que no es malgasti tanta aigua i tanta energia i que es valorin m\u00e9s els recursos que tenim.<\/p>\n<p><strong>5. Quines intervencions s\u2019han fet fins ara?<\/strong><\/p>\n<p>Des de l\u2019Ajuntament i gr\u00e0cies a la Patr\u00edcia, ens han ajudat a reduir l\u2019\u00fas de llum i d\u2019aigua. Fins ara s\u2019han fet tres intervencions a la nostra escola:<\/p>\n<p>&nbsp;<\/p>\n<p>1.- Per l\u2019estalvi d\u2019energia el\u00e8ctrica s\u2019han enganxat dos gomets als interruptors de cada classe, un verd i un vermell que fan de sem\u00e0for. El verd perqu\u00e8 encenem sempre una filera de llums, la que est\u00e0 m\u00e9s apartada de les finestres i el vermell perqu\u00e8 encenem la filera de llums a tocar de les finestres nom\u00e9s quan el dia sigui fosc .<\/p>\n<p>2.- La segona intervenci\u00f3 que s\u2019ha fet \u00e9s omplir una mena de bossa o recipient amb un litre d\u2019aigua (i perqu\u00e8 pesi i s\u2019enfonsi, s\u2019ha posat una mica de sal) i s\u2019ha col\u00b7locat dins de la cisterna de cada lavabo. Aix\u00ed cada vegada que tirem de la cadena es gastar\u00e0 un litre menys d\u2019aigua.<\/p>\n<p>3.- Per \u00faltim, la tercera intervenci\u00f3 que s\u2019ha fet \u00e9s desendollar els endolls innecessaris a les classes i col\u00b7locar regletes d\u2019endolls amb interruptor perqu\u00e8 quan no necessitem els aparells de cada aula ( orinadors, impressores, can\u00f3 o pissarra digital ) apagar l\u2019interruptor de la regleta i aix\u00ed no gastem energia innecess\u00e0riament.<\/p>\n<p>&nbsp;<\/p>\n<p><strong>6. Qu\u00e8 f\u00e8iem a la nostra escola per cuidar la natura?<\/strong><\/p>\n<p>Des de fa anys a la nostra escola reciclem els fulls de paper que ja no necessitem ( els fulls que sobren, els que repetim per fer la feina m\u00e9s neta,&#8230; ). En comptes de llen\u00e7ar els fulls a la paperera, els llencem al contenidor blau de cada classe i dos cops a la setmana els nens i nenes del cicle superior els portem al contenidor de paper del carrer.<\/p>\n<p>Tamb\u00e9 tenim un hort al pati de l\u2019escola. Est\u00e0 dividit en diferents hortets perqu\u00e8 els alumnes puguem plantar alguns productes. D\u2019aquesta manera tamb\u00e9 estem m\u00e9s en contacte amb la natura.<\/p>\n","protected":false},"excerpt":{"rendered":"<p>Com ja sabeu, aquest any l&#8217;escola participa en el projecte de l&#8217;Agenda 21 plus. Aqu\u00ed teniu el resultat del treball d&#8217;investigaci\u00f3 que han fet els alumnes de 5\u00e8 per saber en qu\u00e8 consisteix aquest projecte i les seves implicacions.<br \/>\nTrobareu les imatges, clicant <a href=\"https:\/\/goo.gl\/photos\/V4MHy1xomTtkS1F26\">aqu\u00ed<\/a>.<\/p>\n<ol>\n<li>Qu\u00e8 vol&hellip;  <a href=\"https:\/\/agora.xtec.cat\/ceip-catalunya-sabadell\/portada\/projecte-agenda-21\/\" title=\"Read PROJECTE AGENDA 21 +\">Llegeix m\u00e9s\u00bb<\/a><br \/>\n","protected":false},"author":3,"featured_media":623,"comment_status":"open","ping_status":"open","sticky":false,"template":"","format":"standard","meta":{"_bbp_topic_count":0,"_bbp_reply_count":0,"_bbp_total_topic_count":0,"_bbp_total_reply_count":0,"_bbp_voice_count":0,"_bbp_anonymous_reply_count":0,"_bbp_topic_count_hidden":0,"_bbp_reply_count_hidden":0,"_bbp_forum_subforum_count":0,"footnotes":""},"categories":[38,4],"tags":[],"class_list":["post-622","post","type-post","status-publish","format-standard","has-post-thumbnail","hentry","category-sostenible","category-portada"],"post_mailing_queue_ids":[],"_links":{"self":[{"href":"https:\/\/agora.xtec.cat\/ceip-catalunya-sabadell\/wp-json\/wp\/v2\/posts\/622","targetHints":{"allow":["GET"]}}],"collection":[{"href":"https:\/\/agora.xtec.cat\/ceip-catalunya-sabadell\/wp-json\/wp\/v2\/posts"}],"about":[{"href":"https:\/\/agora.xtec.cat\/ceip-catalunya-sabadell\/wp-json\/wp\/v2\/types\/post"}],"author":[{"embeddable":true,"href":"https:\/\/agora.xtec.cat\/ceip-catalunya-sabadell\/wp-json\/wp\/v2\/users\/3"}],"replies":[{"embeddable":true,"href":"https:\/\/agora.xtec.cat\/ceip-catalunya-sabadell\/wp-json\/wp\/v2\/comments?post=622"}],"version-history":[{"count":1,"href":"https:\/\/agora.xtec.cat\/ceip-catalunya-sabadell\/wp-json\/wp\/v2\/posts\/622\/revisions"}],"predecessor-version":[{"id":624,"href":"https:\/\/agora.xtec.cat\/ceip-catalunya-sabadell\/wp-json\/wp\/v2\/posts\/622\/revisions\/624"}],"wp:featuredmedia":[{"embeddable":true,"href":"https:\/\/agora.xtec.cat\/ceip-catalunya-sabadell\/wp-json\/wp\/v2\/media\/623"}],"wp:attachment":[{"href":"https:\/\/agora.xtec.cat\/ceip-catalunya-sabadell\/wp-json\/wp\/v2\/media?parent=622"}],"wp:term":[{"taxonomy":"category","embeddable":true,"href":"https:\/\/agora.xtec.cat\/ceip-catalunya-sabadell\/wp-json\/wp\/v2\/categories?post=622"},{"taxonomy":"post_tag","embeddable":true,"href":"https:\/\/agora.xtec.cat\/ceip-catalunya-sabadell\/wp-json\/wp\/v2\/tags?post=622"}],"curies":[{"name":"wp","href":"https:\/\/api.w.org\/{rel}","templated":true}]}}