{"id":618,"date":"2016-11-24T13:47:19","date_gmt":"2016-11-24T12:47:19","guid":{"rendered":"http:\/\/agora.xtec.cat\/ceip-catalunya-sabadell\/?p=618"},"modified":"2016-11-28T09:35:08","modified_gmt":"2016-11-28T08:35:08","slug":"santa-cecilia-2016","status":"publish","type":"post","link":"https:\/\/agora.xtec.cat\/ceip-catalunya-sabadell\/portada\/santa-cecilia-2016\/","title":{"rendered":"Santa Cec\u00edlia 2016"},"content":{"rendered":"<p>Ja ha arribat Santa Cec\u00edlia! I com cada any, els nens i nenes de l&#8217;escola celebrem la festa de la m\u00fasica perqu\u00e8 tots ens sentim m\u00fasics: tots estimem la m\u00fasica, tots la gaudim i tots la compartim. I sobretot, perqu\u00e8 la m\u00fasica uneix les persones i en aquesta edici\u00f3, hem comprovat que tots els infants d&#8217;arreu del m\u00f3n, canten can\u00e7ons que no s\u00f3n tan diferents de les nostres, perqu\u00e8 en definitiva, tots els nens som, en ess\u00e8ncia, iguals.<\/p>\n<p>Aquest any, hem volgut fer un homenatge als infants que, per diferents circumst\u00e0ncies, han de deixar el seu pa\u00eds, arriben a la nostra escola i han d&#8217;assimilar la nostra cultura. I \u00e9s per aix\u00f2 que nosaltres enguany cantarem can\u00e7ons infantil i populars de diferents pa\u00efsos del m\u00f3n. Que siguin tots benvinguts!!!<\/p>\n<p>Si cliqueu al damunt de la imatge, podreu veure l&#8217;\u00e0lbum de fotos del concert d&#8217;aquest any.<\/p>\n<p><a href=\"https:\/\/goo.gl\/photos\/ieFQ75YA9nU5MaUH8\"><img loading=\"lazy\" decoding=\"async\" class=\"size-full wp-image-619\" src=\"http:\/\/agora.xtec.cat\/ceip-catalunya-sabadell\/wp-content\/uploads\/usu823\/2016\/11\/PB230010.jpg\" alt=\"OLYMPUS DIGITAL CAMERA\" width=\"640\" height=\"480\" srcset=\"https:\/\/agora.xtec.cat\/ceip-catalunya-sabadell\/wp-content\/uploads\/usu823\/2016\/11\/PB230010.jpg 640w, https:\/\/agora.xtec.cat\/ceip-catalunya-sabadell\/wp-content\/uploads\/usu823\/2016\/11\/PB230010-300x225.jpg 300w, https:\/\/agora.xtec.cat\/ceip-catalunya-sabadell\/wp-content\/uploads\/usu823\/2016\/11\/PB230010-200x150.jpg 200w\" sizes=\"auto, (max-width: 640px) 100vw, 640px\" \/><\/a><\/p>\n<p>&nbsp;<\/p>\n","protected":false},"excerpt":{"rendered":"<p>Ja ha arribat Santa Cec\u00edlia! I com cada any, els nens i nenes de l&#8217;escola celebrem la festa de la m\u00fasica perqu\u00e8 tots ens sentim m\u00fasics: tots estimem la m\u00fasica, tots la gaudim i tots la compartim. I sobretot, perqu\u00e8 la m\u00fasica uneix les persones&hellip;  <a href=\"https:\/\/agora.xtec.cat\/ceip-catalunya-sabadell\/portada\/santa-cecilia-2016\/\" title=\"Read Santa Cec\u00edlia 2016\">Llegeix m\u00e9s\u00bb<\/a><\/p>\n","protected":false},"author":3,"featured_media":619,"comment_status":"open","ping_status":"open","sticky":false,"template":"","format":"standard","meta":{"_bbp_topic_count":0,"_bbp_reply_count":0,"_bbp_total_topic_count":0,"_bbp_total_reply_count":0,"_bbp_voice_count":0,"_bbp_anonymous_reply_count":0,"_bbp_topic_count_hidden":0,"_bbp_reply_count_hidden":0,"_bbp_forum_subforum_count":0,"footnotes":""},"categories":[36,44,4],"tags":[],"class_list":["post-618","post","type-post","status-publish","format-standard","has-post-thumbnail","hentry","category-festes","category-musica","category-portada"],"post_mailing_queue_ids":[],"_links":{"self":[{"href":"https:\/\/agora.xtec.cat\/ceip-catalunya-sabadell\/wp-json\/wp\/v2\/posts\/618","targetHints":{"allow":["GET"]}}],"collection":[{"href":"https:\/\/agora.xtec.cat\/ceip-catalunya-sabadell\/wp-json\/wp\/v2\/posts"}],"about":[{"href":"https:\/\/agora.xtec.cat\/ceip-catalunya-sabadell\/wp-json\/wp\/v2\/types\/post"}],"author":[{"embeddable":true,"href":"https:\/\/agora.xtec.cat\/ceip-catalunya-sabadell\/wp-json\/wp\/v2\/users\/3"}],"replies":[{"embeddable":true,"href":"https:\/\/agora.xtec.cat\/ceip-catalunya-sabadell\/wp-json\/wp\/v2\/comments?post=618"}],"version-history":[{"count":2,"href":"https:\/\/agora.xtec.cat\/ceip-catalunya-sabadell\/wp-json\/wp\/v2\/posts\/618\/revisions"}],"predecessor-version":[{"id":621,"href":"https:\/\/agora.xtec.cat\/ceip-catalunya-sabadell\/wp-json\/wp\/v2\/posts\/618\/revisions\/621"}],"wp:featuredmedia":[{"embeddable":true,"href":"https:\/\/agora.xtec.cat\/ceip-catalunya-sabadell\/wp-json\/wp\/v2\/media\/619"}],"wp:attachment":[{"href":"https:\/\/agora.xtec.cat\/ceip-catalunya-sabadell\/wp-json\/wp\/v2\/media?parent=618"}],"wp:term":[{"taxonomy":"category","embeddable":true,"href":"https:\/\/agora.xtec.cat\/ceip-catalunya-sabadell\/wp-json\/wp\/v2\/categories?post=618"},{"taxonomy":"post_tag","embeddable":true,"href":"https:\/\/agora.xtec.cat\/ceip-catalunya-sabadell\/wp-json\/wp\/v2\/tags?post=618"}],"curies":[{"name":"wp","href":"https:\/\/api.w.org\/{rel}","templated":true}]}}