{"id":5424,"date":"2026-04-29T13:17:57","date_gmt":"2026-04-29T11:17:57","guid":{"rendered":"https:\/\/agora.xtec.cat\/ceip-catalunya-sabadell\/?p=5424"},"modified":"2026-04-29T13:19:58","modified_gmt":"2026-04-29T11:19:58","slug":"art-i-poesia-3","status":"publish","type":"post","link":"https:\/\/agora.xtec.cat\/ceip-catalunya-sabadell\/portada\/art-i-poesia-3\/","title":{"rendered":"ART I POESIA"},"content":{"rendered":"\n<p>Al mar, al mar&#8230; <\/p>\n\n\n\n<p>L\u2019alumnat de 3r ens ha captivat amb una proposta d\u2019 \u201cArt i poesia\u201d molt emotiva i creativa inspirada en el mar. A trav\u00e9s de poemes dedicats als animals marins, m\u00fasiques i danses relacionades amb el m\u00f3n mariner i la representaci\u00f3 d\u2019un conte molt especial, els nens i nenes ens han convidat a endinsar-nos en un univers ple de tendresa i imaginaci\u00f3.<\/p>\n\n\n\n<p>Amb molta il\u00b7lusi\u00f3 i entusiasme, han compartit tot el treball fet durant aquestes setmanes, demostrant una gran expressivitat i una posada en escena plena de m\u00e0gia, que ha emocionat a tot el p\u00fablic assistent.<\/p>\n\n\n\n<figure class=\"wp-block-image size-large\"><a href=\"https:\/\/drive.google.com\/drive\/folders\/1WT2XyYpZaUeBGu37MKPXO2Tk_Nn_Pdny?usp=sharing\"><img loading=\"lazy\" decoding=\"async\" width=\"937\" height=\"1024\" src=\"https:\/\/agora.xtec.cat\/ceip-catalunya-sabadell\/wp-content\/uploads\/usu823\/2026\/04\/IMG_4815-937x1024.jpeg\" alt=\"\" class=\"wp-image-5425\" srcset=\"https:\/\/agora.xtec.cat\/ceip-catalunya-sabadell\/wp-content\/uploads\/usu823\/2026\/04\/IMG_4815-937x1024.jpeg 937w, https:\/\/agora.xtec.cat\/ceip-catalunya-sabadell\/wp-content\/uploads\/usu823\/2026\/04\/IMG_4815-275x300.jpeg 275w, https:\/\/agora.xtec.cat\/ceip-catalunya-sabadell\/wp-content\/uploads\/usu823\/2026\/04\/IMG_4815-768x839.jpeg 768w, https:\/\/agora.xtec.cat\/ceip-catalunya-sabadell\/wp-content\/uploads\/usu823\/2026\/04\/IMG_4815-1406x1536.jpeg 1406w, https:\/\/agora.xtec.cat\/ceip-catalunya-sabadell\/wp-content\/uploads\/usu823\/2026\/04\/IMG_4815.jpeg 1494w\" sizes=\"auto, (max-width: 937px) 100vw, 937px\" \/><\/a><\/figure>\n\n\n\n<p>Clicant la imatge podreu veure les fotografies i v\u00eddeos de l&#8217;espectacle: <\/p>\n","protected":false},"excerpt":{"rendered":"<p>Al mar, al mar&#8230; <\/p>\n<p>L\u2019alumnat de 3r ens ha captivat amb una proposta d\u2019 \u201cArt i poesia\u201d molt emotiva i creativa inspirada en el mar. A trav\u00e9s de poemes dedicats als animals marins, m\u00fasiques i danses relacionades amb el m\u00f3n mariner i la representaci\u00f3 d\u2019un&hellip;  <a href=\"https:\/\/agora.xtec.cat\/ceip-catalunya-sabadell\/portada\/art-i-poesia-3\/\" title=\"Read ART I POESIA\">Llegeix m\u00e9s\u00bb<\/a><\/p>\n","protected":false},"author":3,"featured_media":0,"comment_status":"open","ping_status":"open","sticky":false,"template":"","format":"standard","meta":{"_bbp_topic_count":0,"_bbp_reply_count":0,"_bbp_total_topic_count":0,"_bbp_total_reply_count":0,"_bbp_voice_count":0,"_bbp_anonymous_reply_count":0,"_bbp_topic_count_hidden":0,"_bbp_reply_count_hidden":0,"_bbp_forum_subforum_count":0,"footnotes":""},"categories":[124,4,37],"tags":[],"class_list":["post-5424","post","type-post","status-publish","format-standard","hentry","category-promocio-20-29","category-portada","category-teatre"],"post_mailing_queue_ids":[],"_links":{"self":[{"href":"https:\/\/agora.xtec.cat\/ceip-catalunya-sabadell\/wp-json\/wp\/v2\/posts\/5424","targetHints":{"allow":["GET"]}}],"collection":[{"href":"https:\/\/agora.xtec.cat\/ceip-catalunya-sabadell\/wp-json\/wp\/v2\/posts"}],"about":[{"href":"https:\/\/agora.xtec.cat\/ceip-catalunya-sabadell\/wp-json\/wp\/v2\/types\/post"}],"author":[{"embeddable":true,"href":"https:\/\/agora.xtec.cat\/ceip-catalunya-sabadell\/wp-json\/wp\/v2\/users\/3"}],"replies":[{"embeddable":true,"href":"https:\/\/agora.xtec.cat\/ceip-catalunya-sabadell\/wp-json\/wp\/v2\/comments?post=5424"}],"version-history":[{"count":1,"href":"https:\/\/agora.xtec.cat\/ceip-catalunya-sabadell\/wp-json\/wp\/v2\/posts\/5424\/revisions"}],"predecessor-version":[{"id":5426,"href":"https:\/\/agora.xtec.cat\/ceip-catalunya-sabadell\/wp-json\/wp\/v2\/posts\/5424\/revisions\/5426"}],"wp:attachment":[{"href":"https:\/\/agora.xtec.cat\/ceip-catalunya-sabadell\/wp-json\/wp\/v2\/media?parent=5424"}],"wp:term":[{"taxonomy":"category","embeddable":true,"href":"https:\/\/agora.xtec.cat\/ceip-catalunya-sabadell\/wp-json\/wp\/v2\/categories?post=5424"},{"taxonomy":"post_tag","embeddable":true,"href":"https:\/\/agora.xtec.cat\/ceip-catalunya-sabadell\/wp-json\/wp\/v2\/tags?post=5424"}],"curies":[{"name":"wp","href":"https:\/\/api.w.org\/{rel}","templated":true}]}}