{"id":542,"date":"2016-09-06T13:15:07","date_gmt":"2016-09-06T12:15:07","guid":{"rendered":"http:\/\/agora.xtec.cat\/ceip-catalunya-sabadell\/?p=542"},"modified":"2016-09-12T07:37:03","modified_gmt":"2016-09-12T06:37:03","slug":"beques-necessitats-educatives-especials","status":"publish","type":"post","link":"https:\/\/agora.xtec.cat\/ceip-catalunya-sabadell\/portada\/beques-necessitats-educatives-especials\/","title":{"rendered":"BEQUES NECESSITATS EDUCATIVES ESPECIALS"},"content":{"rendered":"<div>Us informem que ha sortit la resoluci\u00f3 de 27 de juliol de 2016 per la qual es <b>convoquen ajuts per l&#8217;alumnat amb Necessitats Educatives Especials pel curs 2016-2017.<\/b><\/div>\n<div><\/div>\n<p>La data l\u00edmit per a presentar la documentaci\u00f3 \u00e9s el dia <b>29 de setembre de 2016.<\/b><\/p>\n<p>L&#8217;enlla\u00e7 per a formalitzar les sol\u00b7licituds \u00e9s el seg\u00fcent:<\/p>\n<p><a href=\"http:\/\/ensenyament.gencat.cat\/ca\/serveis-tramits\/beques\/\" target=\"_blank\" data-saferedirecturl=\"https:\/\/www.google.com\/url?hl=ca&amp;q=http:\/\/ensenyament.gencat.cat\/ca\/serveis-tramits\/beques\/&amp;source=gmail&amp;ust=1473747429022000&amp;usg=AFQjCNGqTEpvv-vpyLnj2GKvBsa61wq_8Q\">http:\/\/ensenyament.gencat.cat\/<wbr \/>ca\/serveis-tramits\/beques\/<\/a><\/p>\n<p>&nbsp;<\/p>\n","protected":false},"excerpt":{"rendered":"<p>Us informem que ha sortit la resoluci\u00f3 de 27 de juliol de 2016 per la qual es convoquen ajuts per l&#8217;alumnat amb Necessitats Educatives Especials pel curs 2016-2017.<\/p>\n<p>La data l\u00edmit per a presentar la documentaci\u00f3 \u00e9s el dia 29 de setembre de 2016.<br \/>\nL&#8217;enlla\u00e7 per a&hellip;  <a href=\"https:\/\/agora.xtec.cat\/ceip-catalunya-sabadell\/portada\/beques-necessitats-educatives-especials\/\" title=\"Read BEQUES NECESSITATS EDUCATIVES ESPECIALS\">Llegeix m\u00e9s\u00bb<\/a><\/p>\n","protected":false},"author":3,"featured_media":0,"comment_status":"open","ping_status":"open","sticky":false,"template":"","format":"standard","meta":{"_bbp_topic_count":0,"_bbp_reply_count":0,"_bbp_total_topic_count":0,"_bbp_total_reply_count":0,"_bbp_voice_count":0,"_bbp_anonymous_reply_count":0,"_bbp_topic_count_hidden":0,"_bbp_reply_count_hidden":0,"_bbp_forum_subforum_count":0,"footnotes":""},"categories":[4],"tags":[],"class_list":["post-542","post","type-post","status-publish","format-standard","hentry","category-portada"],"post_mailing_queue_ids":[],"_links":{"self":[{"href":"https:\/\/agora.xtec.cat\/ceip-catalunya-sabadell\/wp-json\/wp\/v2\/posts\/542","targetHints":{"allow":["GET"]}}],"collection":[{"href":"https:\/\/agora.xtec.cat\/ceip-catalunya-sabadell\/wp-json\/wp\/v2\/posts"}],"about":[{"href":"https:\/\/agora.xtec.cat\/ceip-catalunya-sabadell\/wp-json\/wp\/v2\/types\/post"}],"author":[{"embeddable":true,"href":"https:\/\/agora.xtec.cat\/ceip-catalunya-sabadell\/wp-json\/wp\/v2\/users\/3"}],"replies":[{"embeddable":true,"href":"https:\/\/agora.xtec.cat\/ceip-catalunya-sabadell\/wp-json\/wp\/v2\/comments?post=542"}],"version-history":[{"count":2,"href":"https:\/\/agora.xtec.cat\/ceip-catalunya-sabadell\/wp-json\/wp\/v2\/posts\/542\/revisions"}],"predecessor-version":[{"id":544,"href":"https:\/\/agora.xtec.cat\/ceip-catalunya-sabadell\/wp-json\/wp\/v2\/posts\/542\/revisions\/544"}],"wp:attachment":[{"href":"https:\/\/agora.xtec.cat\/ceip-catalunya-sabadell\/wp-json\/wp\/v2\/media?parent=542"}],"wp:term":[{"taxonomy":"category","embeddable":true,"href":"https:\/\/agora.xtec.cat\/ceip-catalunya-sabadell\/wp-json\/wp\/v2\/categories?post=542"},{"taxonomy":"post_tag","embeddable":true,"href":"https:\/\/agora.xtec.cat\/ceip-catalunya-sabadell\/wp-json\/wp\/v2\/tags?post=542"}],"curies":[{"name":"wp","href":"https:\/\/api.w.org\/{rel}","templated":true}]}}