{"id":5419,"date":"2026-04-24T19:52:00","date_gmt":"2026-04-24T17:52:00","guid":{"rendered":"https:\/\/agora.xtec.cat\/ceip-catalunya-sabadell\/?p=5419"},"modified":"2026-04-24T19:51:02","modified_gmt":"2026-04-24T17:51:02","slug":"sant-jordi-3","status":"publish","type":"post","link":"https:\/\/agora.xtec.cat\/ceip-catalunya-sabadell\/general\/sant-jordi-3\/","title":{"rendered":"SANT JORDI"},"content":{"rendered":"\n<p>Sant Jordi arriba un any m\u00e9s, carregat de llibres, roses i activitats que han omplert l\u2019escola de vida.<\/p>\n\n\n\n<p>Durant la jornada, l\u2019alumnat d\u2019Educaci\u00f3 Infantil va participar en diferents tallers relacionats amb la llegenda i va fer ballar la cuca al pati, amb molta il\u00b7lusi\u00f3.<\/p>\n\n\n\n<p>L\u2019alumnat de Prim\u00e0ria va celebrar els Jocs Florals, va visitar les paradetes de llibres organitzades per les fam\u00edlies de 6\u00e8 i, com a cloenda, va participar en l\u2019intercanvi de contes per fomentar la sostenibilitat.<\/p>\n\n\n\n<p>Podeu veure un recull d&#8217;imatges de les activitats, clicant aqu\u00ed: <\/p>\n\n\n\n<figure class=\"wp-block-image size-large\"><a href=\"https:\/\/drive.google.com\/drive\/folders\/1H6PtFhhsgGT31HhvgzdcJohGLmDy8XUx?usp=sharing\"><img loading=\"lazy\" decoding=\"async\" width=\"1344\" height=\"1008\" src=\"https:\/\/agora.xtec.cat\/ceip-catalunya-sabadell\/wp-content\/uploads\/usu823\/2026\/04\/IMG_3222-1-edited.jpg\" alt=\"\" class=\"wp-image-5421\" srcset=\"https:\/\/agora.xtec.cat\/ceip-catalunya-sabadell\/wp-content\/uploads\/usu823\/2026\/04\/IMG_3222-1-edited.jpg 1344w, https:\/\/agora.xtec.cat\/ceip-catalunya-sabadell\/wp-content\/uploads\/usu823\/2026\/04\/IMG_3222-1-edited-300x225.jpg 300w, https:\/\/agora.xtec.cat\/ceip-catalunya-sabadell\/wp-content\/uploads\/usu823\/2026\/04\/IMG_3222-1-edited-1024x768.jpg 1024w, https:\/\/agora.xtec.cat\/ceip-catalunya-sabadell\/wp-content\/uploads\/usu823\/2026\/04\/IMG_3222-1-edited-768x576.jpg 768w, https:\/\/agora.xtec.cat\/ceip-catalunya-sabadell\/wp-content\/uploads\/usu823\/2026\/04\/IMG_3222-1-edited-200x150.jpg 200w\" sizes=\"auto, (max-width: 1344px) 100vw, 1344px\" \/><\/a><\/figure>\n","protected":false},"excerpt":{"rendered":"<p>Sant Jordi arriba un any m\u00e9s, carregat de llibres, roses i activitats que han omplert l\u2019escola de vida.<\/p>\n<p>Durant la jornada, l\u2019alumnat d\u2019Educaci\u00f3 Infantil va participar en diferents tallers relacionats amb la llegenda i va fer ballar la cuca al pati, amb molta il\u00b7lusi\u00f3.<\/p>\n<p>L\u2019alumnat de Prim\u00e0ria&hellip;  <a href=\"https:\/\/agora.xtec.cat\/ceip-catalunya-sabadell\/general\/sant-jordi-3\/\" title=\"Read SANT JORDI\">Llegeix m\u00e9s\u00bb<\/a><\/p>\n","protected":false},"author":3,"featured_media":0,"comment_status":"open","ping_status":"open","sticky":false,"template":"","format":"standard","meta":{"_bbp_topic_count":0,"_bbp_reply_count":0,"_bbp_total_topic_count":0,"_bbp_total_reply_count":0,"_bbp_voice_count":0,"_bbp_anonymous_reply_count":0,"_bbp_topic_count_hidden":0,"_bbp_reply_count_hidden":0,"_bbp_forum_subforum_count":0,"footnotes":""},"categories":[1,39,4],"tags":[],"class_list":["post-5419","post","type-post","status-publish","format-standard","hentry","category-general","category-jo-llegeixo-jo-escric-jo-visc","category-portada"],"post_mailing_queue_ids":[],"_links":{"self":[{"href":"https:\/\/agora.xtec.cat\/ceip-catalunya-sabadell\/wp-json\/wp\/v2\/posts\/5419","targetHints":{"allow":["GET"]}}],"collection":[{"href":"https:\/\/agora.xtec.cat\/ceip-catalunya-sabadell\/wp-json\/wp\/v2\/posts"}],"about":[{"href":"https:\/\/agora.xtec.cat\/ceip-catalunya-sabadell\/wp-json\/wp\/v2\/types\/post"}],"author":[{"embeddable":true,"href":"https:\/\/agora.xtec.cat\/ceip-catalunya-sabadell\/wp-json\/wp\/v2\/users\/3"}],"replies":[{"embeddable":true,"href":"https:\/\/agora.xtec.cat\/ceip-catalunya-sabadell\/wp-json\/wp\/v2\/comments?post=5419"}],"version-history":[{"count":1,"href":"https:\/\/agora.xtec.cat\/ceip-catalunya-sabadell\/wp-json\/wp\/v2\/posts\/5419\/revisions"}],"predecessor-version":[{"id":5422,"href":"https:\/\/agora.xtec.cat\/ceip-catalunya-sabadell\/wp-json\/wp\/v2\/posts\/5419\/revisions\/5422"}],"wp:attachment":[{"href":"https:\/\/agora.xtec.cat\/ceip-catalunya-sabadell\/wp-json\/wp\/v2\/media?parent=5419"}],"wp:term":[{"taxonomy":"category","embeddable":true,"href":"https:\/\/agora.xtec.cat\/ceip-catalunya-sabadell\/wp-json\/wp\/v2\/categories?post=5419"},{"taxonomy":"post_tag","embeddable":true,"href":"https:\/\/agora.xtec.cat\/ceip-catalunya-sabadell\/wp-json\/wp\/v2\/tags?post=5419"}],"curies":[{"name":"wp","href":"https:\/\/api.w.org\/{rel}","templated":true}]}}