{"id":5391,"date":"2026-03-11T16:19:48","date_gmt":"2026-03-11T15:19:48","guid":{"rendered":"https:\/\/agora.xtec.cat\/ceip-catalunya-sabadell\/?p=5391"},"modified":"2026-03-11T16:19:49","modified_gmt":"2026-03-11T15:19:49","slug":"mary-poppins","status":"publish","type":"post","link":"https:\/\/agora.xtec.cat\/ceip-catalunya-sabadell\/general\/mary-poppins\/","title":{"rendered":"MARY POPPINS"},"content":{"rendered":"\n<figure class=\"wp-block-image size-large is-resized\"><a href=\"https:\/\/drive.google.com\/drive\/folders\/1nLN-uzV7D34Yjxam8hODTHivvyh8IgDZ?usp=sharing\"><img loading=\"lazy\" decoding=\"async\" width=\"724\" height=\"1024\" src=\"https:\/\/agora.xtec.cat\/ceip-catalunya-sabadell\/wp-content\/uploads\/usu823\/2026\/03\/Cartell-Mary-Poppins-1-2-724x1024.png\" alt=\"\" class=\"wp-image-5392\" style=\"width:390px;height:auto\" srcset=\"https:\/\/agora.xtec.cat\/ceip-catalunya-sabadell\/wp-content\/uploads\/usu823\/2026\/03\/Cartell-Mary-Poppins-1-2-724x1024.png 724w, https:\/\/agora.xtec.cat\/ceip-catalunya-sabadell\/wp-content\/uploads\/usu823\/2026\/03\/Cartell-Mary-Poppins-1-2-212x300.png 212w, https:\/\/agora.xtec.cat\/ceip-catalunya-sabadell\/wp-content\/uploads\/usu823\/2026\/03\/Cartell-Mary-Poppins-1-2-768x1086.png 768w, https:\/\/agora.xtec.cat\/ceip-catalunya-sabadell\/wp-content\/uploads\/usu823\/2026\/03\/Cartell-Mary-Poppins-1-2-1086x1536.png 1086w, https:\/\/agora.xtec.cat\/ceip-catalunya-sabadell\/wp-content\/uploads\/usu823\/2026\/03\/Cartell-Mary-Poppins-1-2.png 1414w\" sizes=\"auto, (max-width: 724px) 100vw, 724px\" \/><\/a><\/figure>\n\n\n\n<p><\/p>\n\n\n\n<p>Benvolgudes fam\u00edlies, <\/p>\n\n\n\n<p>Us compartim les fotografies i v\u00eddeos de l&#8217;obra &#8220;Mary Poppins&#8221;, que es va representar al Centre C\u00edvic de Can Rull els passats 5 i 6 de mar\u00e7 per part de l&#8217;alumnat de 4t. Ha estat una estrena molt esperada que ens ha fet gaudir i somiar a grans i petits, omplint el teatre amb la m\u00e0gia de la Mary Poppins. <\/p>\n\n\n\n<p>Cal felicitar a tots els nens i nenes i a tot l&#8217;equip de mestres de 4t per la seva implicaci\u00f3 i treball, dissenyant els decorats i l&#8217;escenografia, aprenent els di\u00e0legs, les can\u00e7ons i les coreografies, fent difusi\u00f3 de l&#8217;obra i oferint el millor de cadasc\u00fa d&#8217;ells\/es mateixos\/es per sumar i fer realitat aquest projecte tan especial. <\/p>\n\n\n\n<p><a href=\"https:\/\/drive.google.com\/drive\/folders\/1nLN-uzV7D34Yjxam8hODTHivvyh8IgDZ?usp=sharing\">IMATGES I V\u00cdDEOS<\/a><\/p>\n\n\n\n<p>Fins l&#8217;any vinent Mary Poppins!  <\/p>\n","protected":false},"excerpt":{"rendered":"<p><a href=\"https:\/\/drive.google.com\/drive\/folders\/1nLN-uzV7D34Yjxam8hODTHivvyh8IgDZ?usp=sharing\"><\/a><\/p>\n<p>Benvolgudes fam\u00edlies, <\/p>\n<p>Us compartim les fotografies i v\u00eddeos de l&#8217;obra &#8220;Mary Poppins&#8221;, que es va representar al Centre C\u00edvic de Can Rull els passats 5 i 6 de mar\u00e7 per part de l&#8217;alumnat de 4t. Ha estat una estrena molt esperada que ens ha&hellip;  <a href=\"https:\/\/agora.xtec.cat\/ceip-catalunya-sabadell\/general\/mary-poppins\/\" title=\"Read MARY POPPINS\">Llegeix m\u00e9s\u00bb<\/a><\/p>\n","protected":false},"author":3,"featured_media":0,"comment_status":"open","ping_status":"open","sticky":false,"template":"","format":"standard","meta":{"_bbp_topic_count":0,"_bbp_reply_count":0,"_bbp_total_topic_count":0,"_bbp_total_reply_count":0,"_bbp_voice_count":0,"_bbp_anonymous_reply_count":0,"_bbp_topic_count_hidden":0,"_bbp_reply_count_hidden":0,"_bbp_forum_subforum_count":0,"footnotes":""},"categories":[13,1,4,37],"tags":[],"class_list":["post-5391","post","type-post","status-publish","format-standard","hentry","category-4t","category-general","category-portada","category-teatre"],"post_mailing_queue_ids":[],"_links":{"self":[{"href":"https:\/\/agora.xtec.cat\/ceip-catalunya-sabadell\/wp-json\/wp\/v2\/posts\/5391","targetHints":{"allow":["GET"]}}],"collection":[{"href":"https:\/\/agora.xtec.cat\/ceip-catalunya-sabadell\/wp-json\/wp\/v2\/posts"}],"about":[{"href":"https:\/\/agora.xtec.cat\/ceip-catalunya-sabadell\/wp-json\/wp\/v2\/types\/post"}],"author":[{"embeddable":true,"href":"https:\/\/agora.xtec.cat\/ceip-catalunya-sabadell\/wp-json\/wp\/v2\/users\/3"}],"replies":[{"embeddable":true,"href":"https:\/\/agora.xtec.cat\/ceip-catalunya-sabadell\/wp-json\/wp\/v2\/comments?post=5391"}],"version-history":[{"count":5,"href":"https:\/\/agora.xtec.cat\/ceip-catalunya-sabadell\/wp-json\/wp\/v2\/posts\/5391\/revisions"}],"predecessor-version":[{"id":5397,"href":"https:\/\/agora.xtec.cat\/ceip-catalunya-sabadell\/wp-json\/wp\/v2\/posts\/5391\/revisions\/5397"}],"wp:attachment":[{"href":"https:\/\/agora.xtec.cat\/ceip-catalunya-sabadell\/wp-json\/wp\/v2\/media?parent=5391"}],"wp:term":[{"taxonomy":"category","embeddable":true,"href":"https:\/\/agora.xtec.cat\/ceip-catalunya-sabadell\/wp-json\/wp\/v2\/categories?post=5391"},{"taxonomy":"post_tag","embeddable":true,"href":"https:\/\/agora.xtec.cat\/ceip-catalunya-sabadell\/wp-json\/wp\/v2\/tags?post=5391"}],"curies":[{"name":"wp","href":"https:\/\/api.w.org\/{rel}","templated":true}]}}