{"id":5388,"date":"2026-03-09T15:00:24","date_gmt":"2026-03-09T14:00:24","guid":{"rendered":"https:\/\/agora.xtec.cat\/ceip-catalunya-sabadell\/?p=5388"},"modified":"2026-03-09T15:19:40","modified_gmt":"2026-03-09T14:19:40","slug":"els-pastorets-7","status":"publish","type":"post","link":"https:\/\/agora.xtec.cat\/ceip-catalunya-sabadell\/general\/els-pastorets-7\/","title":{"rendered":"ELS PASTORETS"},"content":{"rendered":"\n<p>Benvolgudes fam\u00edlies, ens fa molta il\u00b7lusi\u00f3 compartir amb vosaltres el v\u00eddeo complert de l\u2019obra \u201cEls Pastorets\u201d, interpretada per l\u2019alumnat de 6\u00e8 el passat 19 de desembre.<\/p>\n\n\n\n<p>Volem fer un gran agra\u00efment al Rub\u00e9n, un pare de l\u2019escola que ha filmat, editat i realitzat aquest v\u00eddeo tan magn\u00edfic i emotiu que ser\u00e0 un bonic record per a tots i totes.<\/p>\n\n\n\n<p>Clicant la imatge trobareu el v\u00eddeo sencer de \u201cEls Pastorets\u201d:<\/p>\n\n\n\n<figure class=\"wp-block-image size-large\"><a href=\"https:\/\/drive.google.com\/file\/d\/1t8w-2rJHZpfmeHTwaWJTfBONXvkFguL8\/view?usp=sharing\"><img loading=\"lazy\" decoding=\"async\" width=\"724\" height=\"1024\" src=\"https:\/\/agora.xtec.cat\/ceip-catalunya-sabadell\/wp-content\/uploads\/usu823\/2026\/03\/CARTELL-PASTORETS-2025-1-1-724x1024.png\" alt=\"\" class=\"wp-image-5389\" srcset=\"https:\/\/agora.xtec.cat\/ceip-catalunya-sabadell\/wp-content\/uploads\/usu823\/2026\/03\/CARTELL-PASTORETS-2025-1-1-724x1024.png 724w, https:\/\/agora.xtec.cat\/ceip-catalunya-sabadell\/wp-content\/uploads\/usu823\/2026\/03\/CARTELL-PASTORETS-2025-1-1-212x300.png 212w, https:\/\/agora.xtec.cat\/ceip-catalunya-sabadell\/wp-content\/uploads\/usu823\/2026\/03\/CARTELL-PASTORETS-2025-1-1-768x1086.png 768w, https:\/\/agora.xtec.cat\/ceip-catalunya-sabadell\/wp-content\/uploads\/usu823\/2026\/03\/CARTELL-PASTORETS-2025-1-1-1086x1536.png 1086w, https:\/\/agora.xtec.cat\/ceip-catalunya-sabadell\/wp-content\/uploads\/usu823\/2026\/03\/CARTELL-PASTORETS-2025-1-1.png 1191w\" sizes=\"auto, (max-width: 724px) 100vw, 724px\" \/><\/a><\/figure>\n","protected":false},"excerpt":{"rendered":"<p>Benvolgudes fam\u00edlies, ens fa molta il\u00b7lusi\u00f3 compartir amb vosaltres el v\u00eddeo complert de l\u2019obra \u201cEls Pastorets\u201d, interpretada per l\u2019alumnat de 6\u00e8 el passat 19 de desembre.<\/p>\n<p>Volem fer un gran agra\u00efment al Rub\u00e9n, un pare de l\u2019escola que ha filmat, editat i realitzat aquest v\u00eddeo tan&hellip;  <a href=\"https:\/\/agora.xtec.cat\/ceip-catalunya-sabadell\/general\/els-pastorets-7\/\" title=\"Read ELS PASTORETS\">Llegeix m\u00e9s\u00bb<\/a><\/p>\n","protected":false},"author":3,"featured_media":0,"comment_status":"open","ping_status":"open","sticky":false,"template":"","format":"standard","meta":{"_bbp_topic_count":0,"_bbp_reply_count":0,"_bbp_total_topic_count":0,"_bbp_total_reply_count":0,"_bbp_voice_count":0,"_bbp_anonymous_reply_count":0,"_bbp_topic_count_hidden":0,"_bbp_reply_count_hidden":0,"_bbp_forum_subforum_count":0,"footnotes":""},"categories":[1,4,37],"tags":[],"class_list":["post-5388","post","type-post","status-publish","format-standard","hentry","category-general","category-portada","category-teatre"],"post_mailing_queue_ids":[],"_links":{"self":[{"href":"https:\/\/agora.xtec.cat\/ceip-catalunya-sabadell\/wp-json\/wp\/v2\/posts\/5388","targetHints":{"allow":["GET"]}}],"collection":[{"href":"https:\/\/agora.xtec.cat\/ceip-catalunya-sabadell\/wp-json\/wp\/v2\/posts"}],"about":[{"href":"https:\/\/agora.xtec.cat\/ceip-catalunya-sabadell\/wp-json\/wp\/v2\/types\/post"}],"author":[{"embeddable":true,"href":"https:\/\/agora.xtec.cat\/ceip-catalunya-sabadell\/wp-json\/wp\/v2\/users\/3"}],"replies":[{"embeddable":true,"href":"https:\/\/agora.xtec.cat\/ceip-catalunya-sabadell\/wp-json\/wp\/v2\/comments?post=5388"}],"version-history":[{"count":2,"href":"https:\/\/agora.xtec.cat\/ceip-catalunya-sabadell\/wp-json\/wp\/v2\/posts\/5388\/revisions"}],"predecessor-version":[{"id":5398,"href":"https:\/\/agora.xtec.cat\/ceip-catalunya-sabadell\/wp-json\/wp\/v2\/posts\/5388\/revisions\/5398"}],"wp:attachment":[{"href":"https:\/\/agora.xtec.cat\/ceip-catalunya-sabadell\/wp-json\/wp\/v2\/media?parent=5388"}],"wp:term":[{"taxonomy":"category","embeddable":true,"href":"https:\/\/agora.xtec.cat\/ceip-catalunya-sabadell\/wp-json\/wp\/v2\/categories?post=5388"},{"taxonomy":"post_tag","embeddable":true,"href":"https:\/\/agora.xtec.cat\/ceip-catalunya-sabadell\/wp-json\/wp\/v2\/tags?post=5388"}],"curies":[{"name":"wp","href":"https:\/\/api.w.org\/{rel}","templated":true}]}}