{"id":5378,"date":"2026-02-19T08:41:11","date_gmt":"2026-02-19T07:41:11","guid":{"rendered":"https:\/\/agora.xtec.cat\/ceip-catalunya-sabadell\/?p=5378"},"modified":"2026-02-19T08:41:12","modified_gmt":"2026-02-19T07:41:12","slug":"dijous-gras-educacio-infantil","status":"publish","type":"post","link":"https:\/\/agora.xtec.cat\/ceip-catalunya-sabadell\/general\/dijous-gras-educacio-infantil\/","title":{"rendered":"Dijous Gras &#8211; Educaci\u00f3 Infantil"},"content":{"rendered":"\n<p><\/p>\n\n\n\n<p>Amb motiu de la celebraci\u00f3 de Dijous Gras, tots els infants d\u2019educaci\u00f3 infantil vam fer una sortida al Parc Catalunya per gaudir d\u2019un mat\u00ed diferent en contacte amb la natura.<\/p>\n\n\n\n<p>Vam seguir diferents camins fins a arribar a l\u2019esplanada, amb la missi\u00f3 de moure el nostre cos caminant i descobrir diversos espais i \u00e9ssers de la natura. Aquesta experi\u00e8ncia ens va permetre observar l\u2019entorn, explorar nous racons i compartir moments plegats.<\/p>\n\n\n\n<p>Un cop vam arribar, els que van voler, un esmorzar t\u00edpic i tradicional van tastar. I per acabar, vam tenir una estoneta per c\u00f3rrer, jugar i dibuixar.<\/p>\n\n\n\n<p>Va ser un mat\u00ed diferent i ben especial, ple de descobertes i bons moments compartits.<\/p>\n\n\n\n<p>Cliqueu la imatge de sota per poder veure un petit recull de fotografies.<\/p>\n\n\n\n<figure class=\"wp-block-image size-full\"><a href=\"https:\/\/drive.google.com\/drive\/folders\/1pYejRqz5o9dP_Ah0JSDUug_XtvctjVZY?usp=drive_link\"><img loading=\"lazy\" decoding=\"async\" width=\"640\" height=\"480\" src=\"https:\/\/agora.xtec.cat\/ceip-catalunya-sabadell\/wp-content\/uploads\/usu823\/2026\/02\/PHOTO-2026-02-18-13-07-13.jpg\" alt=\"\" class=\"wp-image-5379\" srcset=\"https:\/\/agora.xtec.cat\/ceip-catalunya-sabadell\/wp-content\/uploads\/usu823\/2026\/02\/PHOTO-2026-02-18-13-07-13.jpg 640w, https:\/\/agora.xtec.cat\/ceip-catalunya-sabadell\/wp-content\/uploads\/usu823\/2026\/02\/PHOTO-2026-02-18-13-07-13-300x225.jpg 300w, https:\/\/agora.xtec.cat\/ceip-catalunya-sabadell\/wp-content\/uploads\/usu823\/2026\/02\/PHOTO-2026-02-18-13-07-13-200x150.jpg 200w\" sizes=\"auto, (max-width: 640px) 100vw, 640px\" \/><\/a><\/figure>\n","protected":false},"excerpt":{"rendered":"<p>Amb motiu de la celebraci\u00f3 de Dijous Gras, tots els infants d\u2019educaci\u00f3 infantil vam fer una sortida al Parc Catalunya per gaudir d\u2019un mat\u00ed diferent en contacte amb la natura.<\/p>\n<p>Vam seguir diferents camins fins a arribar a l\u2019esplanada, amb la missi\u00f3 de moure el nostre&hellip;  <a href=\"https:\/\/agora.xtec.cat\/ceip-catalunya-sabadell\/general\/dijous-gras-educacio-infantil\/\" title=\"Read Dijous Gras &#8211; Educaci\u00f3 Infantil\">Llegeix m\u00e9s\u00bb<\/a><\/p>\n","protected":false},"author":79,"featured_media":0,"comment_status":"open","ping_status":"open","sticky":false,"template":"","format":"standard","meta":{"_bbp_topic_count":0,"_bbp_reply_count":0,"_bbp_total_topic_count":0,"_bbp_total_reply_count":0,"_bbp_voice_count":0,"_bbp_anonymous_reply_count":0,"_bbp_topic_count_hidden":0,"_bbp_reply_count_hidden":0,"_bbp_forum_subforum_count":0,"footnotes":""},"categories":[1,144,148,141,2,4],"tags":[],"class_list":["post-5378","post","type-post","status-publish","format-standard","hentry","category-general","category-i3-promocio-24-33","category-i3-promocio-25-34","category-i3-promocio-23-32","category-infantil","category-portada"],"post_mailing_queue_ids":[],"_links":{"self":[{"href":"https:\/\/agora.xtec.cat\/ceip-catalunya-sabadell\/wp-json\/wp\/v2\/posts\/5378","targetHints":{"allow":["GET"]}}],"collection":[{"href":"https:\/\/agora.xtec.cat\/ceip-catalunya-sabadell\/wp-json\/wp\/v2\/posts"}],"about":[{"href":"https:\/\/agora.xtec.cat\/ceip-catalunya-sabadell\/wp-json\/wp\/v2\/types\/post"}],"author":[{"embeddable":true,"href":"https:\/\/agora.xtec.cat\/ceip-catalunya-sabadell\/wp-json\/wp\/v2\/users\/79"}],"replies":[{"embeddable":true,"href":"https:\/\/agora.xtec.cat\/ceip-catalunya-sabadell\/wp-json\/wp\/v2\/comments?post=5378"}],"version-history":[{"count":4,"href":"https:\/\/agora.xtec.cat\/ceip-catalunya-sabadell\/wp-json\/wp\/v2\/posts\/5378\/revisions"}],"predecessor-version":[{"id":5383,"href":"https:\/\/agora.xtec.cat\/ceip-catalunya-sabadell\/wp-json\/wp\/v2\/posts\/5378\/revisions\/5383"}],"wp:attachment":[{"href":"https:\/\/agora.xtec.cat\/ceip-catalunya-sabadell\/wp-json\/wp\/v2\/media?parent=5378"}],"wp:term":[{"taxonomy":"category","embeddable":true,"href":"https:\/\/agora.xtec.cat\/ceip-catalunya-sabadell\/wp-json\/wp\/v2\/categories?post=5378"},{"taxonomy":"post_tag","embeddable":true,"href":"https:\/\/agora.xtec.cat\/ceip-catalunya-sabadell\/wp-json\/wp\/v2\/tags?post=5378"}],"curies":[{"name":"wp","href":"https:\/\/api.w.org\/{rel}","templated":true}]}}