{"id":5373,"date":"2026-01-22T12:40:05","date_gmt":"2026-01-22T11:40:05","guid":{"rendered":"https:\/\/agora.xtec.cat\/ceip-catalunya-sabadell\/?p=5373"},"modified":"2026-04-23T09:50:26","modified_gmt":"2026-04-23T07:50:26","slug":"portes-obertes-26-27","status":"publish","type":"post","link":"https:\/\/agora.xtec.cat\/ceip-catalunya-sabadell\/portada\/portes-obertes-26-27\/","title":{"rendered":"PORTES OBERTES 26-27"},"content":{"rendered":"\n<figure class=\"wp-block-embed is-type-video is-provider-youtube wp-block-embed-youtube wp-embed-aspect-16-9 wp-has-aspect-ratio\"><div class=\"wp-block-embed__wrapper\">\n<iframe loading=\"lazy\" title=\"VIDEO PORTES OBERTES 2026\" width=\"500\" height=\"281\" src=\"https:\/\/www.youtube.com\/embed\/QnY7NEm5MBs?feature=oembed\" frameborder=\"0\" allow=\"accelerometer; autoplay; clipboard-write; encrypted-media; gyroscope; picture-in-picture; web-share\" referrerpolicy=\"strict-origin-when-cross-origin\" allowfullscreen><\/iframe>\n<\/div><\/figure>\n\n\n\n<p><\/p>\n\n\n\n<p>Publicaci\u00f3 de la llista de sol\u00b7licituds que han demanat el centre i l&#8217;ensenyament en primera<br>petici\u00f3 amb la puntuaci\u00f3 resoltes les reclamacions a 23\/04\/2026: <a href=\"https:\/\/drive.google.com\/file\/d\/10qoZ50IPjruHNxPLPMW2xImfjIP62uGx\/view?usp=drive_link\">Enlla\u00e7<\/a><\/p>\n\n\n\n<p>Publicaci\u00f3 llistat amb PUNTUACI\u00d3 PROVISIONAL: <a href=\"https:\/\/drive.google.com\/file\/d\/1LvGthE2U_tT_e4ss5LUBeg9ztzBzXuRk\/view?usp=drive_link\">Enlla\u00e7<\/a><\/p>\n\n\n\n<p>Publicaci\u00f3 OFERTA INICIAL DE PLACES: <a href=\"https:\/\/drive.google.com\/file\/d\/1BykdIY9ljERYWijcfys65eNWFM0v6j2t\/view?usp=sharing\">Enlla\u00e7<\/a><\/p>\n\n\n\n<p>Ja tenim dates de les Portes Obertes d&#8217;enguany! Seran els propers:  <\/p>\n\n\n\n<ul class=\"wp-block-list\">\n<li>19 de febrer a les 15.00h.<\/li>\n\n\n\n<li>20 de febrer a les 9.15<\/li>\n<\/ul>\n\n\n\n<p>Cal fer inscripci\u00f3 pr\u00e8via, clicant a <a href=\"https:\/\/docs.google.com\/forms\/d\/e\/1FAIpQLSezM0EwHoOSNfb7_sda8nggpFJ44qWYVv4RtbsUxvRqVJhCGg\/viewform?usp=publish-editor\">l&#8217;ENLLA\u00c7&nbsp;<\/a><\/p>\n\n\n\n<p>Pel bon funcionament de la visita, us demanem que vingueu sense els infants.<\/p>\n\n\n\n<p>La preinscripci\u00f3 ser\u00e0 del 4 al 18 de mar\u00e7 de 2026. Podeu consultar els Centres amb puntuaci\u00f3 per proximitat, clicant <a href=\"https:\/\/web.sabadell.cat\/cercador-educacio-infantil-i-primaria\/index.php?option=com_content&amp;view=article&amp;layout=edit&amp;id=56276\">ENLLA\u00c7<\/a><\/p>\n\n\n\n<p><\/p>\n","protected":false},"excerpt":{"rendered":"<p>Publicaci\u00f3 de la llista de sol\u00b7licituds que han demanat el centre i l&#8217;ensenyament en primerapetici\u00f3 amb la puntuaci\u00f3 resoltes les reclamacions a 23\/04\/2026: <a href=\"https:\/\/drive.google.com\/file\/d\/10qoZ50IPjruHNxPLPMW2xImfjIP62uGx\/view?usp=drive_link\">Enlla\u00e7<\/a><\/p>\n<p>Publicaci\u00f3 llistat amb PUNTUACI\u00d3 PROVISIONAL: <a href=\"https:\/\/drive.google.com\/file\/d\/1LvGthE2U_tT_e4ss5LUBeg9ztzBzXuRk\/view?usp=drive_link\">Enlla\u00e7<\/a><\/p>\n<p>Publicaci\u00f3 OFERTA INICIAL DE PLACES: <a href=\"https:\/\/drive.google.com\/file\/d\/1BykdIY9ljERYWijcfys65eNWFM0v6j2t\/view?usp=sharing\">Enlla\u00e7<\/a><\/p>\n<p>Ja tenim dates de les Portes Obertes d&#8217;enguany! Seran&hellip;  <a href=\"https:\/\/agora.xtec.cat\/ceip-catalunya-sabadell\/portada\/portes-obertes-26-27\/\" title=\"Read PORTES OBERTES 26-27\">Llegeix m\u00e9s\u00bb<\/a><\/p>\n","protected":false},"author":3,"featured_media":0,"comment_status":"open","ping_status":"open","sticky":true,"template":"","format":"standard","meta":{"_bbp_topic_count":0,"_bbp_reply_count":0,"_bbp_total_topic_count":0,"_bbp_total_reply_count":0,"_bbp_voice_count":0,"_bbp_anonymous_reply_count":0,"_bbp_topic_count_hidden":0,"_bbp_reply_count_hidden":0,"_bbp_forum_subforum_count":0,"footnotes":""},"categories":[4,123],"tags":[30],"class_list":["post-5373","post","type-post","status-publish","format-standard","hentry","category-portada","category-preinscripcio-i-matricula","tag-portes-obertes"],"post_mailing_queue_ids":[],"_links":{"self":[{"href":"https:\/\/agora.xtec.cat\/ceip-catalunya-sabadell\/wp-json\/wp\/v2\/posts\/5373","targetHints":{"allow":["GET"]}}],"collection":[{"href":"https:\/\/agora.xtec.cat\/ceip-catalunya-sabadell\/wp-json\/wp\/v2\/posts"}],"about":[{"href":"https:\/\/agora.xtec.cat\/ceip-catalunya-sabadell\/wp-json\/wp\/v2\/types\/post"}],"author":[{"embeddable":true,"href":"https:\/\/agora.xtec.cat\/ceip-catalunya-sabadell\/wp-json\/wp\/v2\/users\/3"}],"replies":[{"embeddable":true,"href":"https:\/\/agora.xtec.cat\/ceip-catalunya-sabadell\/wp-json\/wp\/v2\/comments?post=5373"}],"version-history":[{"count":6,"href":"https:\/\/agora.xtec.cat\/ceip-catalunya-sabadell\/wp-json\/wp\/v2\/posts\/5373\/revisions"}],"predecessor-version":[{"id":5418,"href":"https:\/\/agora.xtec.cat\/ceip-catalunya-sabadell\/wp-json\/wp\/v2\/posts\/5373\/revisions\/5418"}],"wp:attachment":[{"href":"https:\/\/agora.xtec.cat\/ceip-catalunya-sabadell\/wp-json\/wp\/v2\/media?parent=5373"}],"wp:term":[{"taxonomy":"category","embeddable":true,"href":"https:\/\/agora.xtec.cat\/ceip-catalunya-sabadell\/wp-json\/wp\/v2\/categories?post=5373"},{"taxonomy":"post_tag","embeddable":true,"href":"https:\/\/agora.xtec.cat\/ceip-catalunya-sabadell\/wp-json\/wp\/v2\/tags?post=5373"}],"curies":[{"name":"wp","href":"https:\/\/api.w.org\/{rel}","templated":true}]}}