{"id":5359,"date":"2025-11-24T08:52:06","date_gmt":"2025-11-24T07:52:06","guid":{"rendered":"https:\/\/agora.xtec.cat\/ceip-catalunya-sabadell\/?p=5359"},"modified":"2025-11-24T08:52:07","modified_gmt":"2025-11-24T07:52:07","slug":"santa-cecilia-4","status":"publish","type":"post","link":"https:\/\/agora.xtec.cat\/ceip-catalunya-sabadell\/portada\/santa-cecilia-4\/","title":{"rendered":"SANTA CEC\u00cdLIA"},"content":{"rendered":"\n<p class=\"has-text-align-left\">Un any m\u00e9s, hem celebrat Santa Cec\u00edlia, la patrona de la m\u00fasica. A l&#8217;escola entenem la m\u00fasica com una manera de comunicar-nos, d&#8217;expressar emocions i compartir moments que ens fan cr\u00e9ixer. La m\u00fasica ens acompanya i ens uneix com a comunitat. <\/p>\n\n\n\n<p class=\"has-text-align-left\">Aquest any hem volgut destacar un estil musical amb personalitat, energia i expressivitat: el rock. <\/p>\n\n\n\n<p class=\"has-text-align-left\">Un estil que neix de la creativitat, de la forma r\u00edtmica i del desig de dir les coses al m\u00f3n. <\/p>\n\n\n\n<p class=\"has-text-align-left\">El rock ens convida a sentir i a expressar-nos, a ballar, a moure&#8217;ns i deixar-nos endur per l&#8217;energia de la m\u00fasica. Per a nosaltres, el rock representa un esperit valent, alegre i viu, que identifica la nostra escola com un lloc on aprendre i cr\u00e9ixer amb entusiasme. <\/p>\n\n\n\n<figure class=\"wp-block-image size-large\"><a href=\"https:\/\/drive.google.com\/drive\/folders\/10r-EtZRdBoe4m7jmmNCQuPlMiKwBhiOc?usp=sharing\"><img loading=\"lazy\" decoding=\"async\" width=\"1728\" height=\"1296\" src=\"https:\/\/agora.xtec.cat\/ceip-catalunya-sabadell\/wp-content\/uploads\/usu823\/2025\/11\/IMG_6468-1-edited.jpg\" alt=\"\" class=\"wp-image-5361\" srcset=\"https:\/\/agora.xtec.cat\/ceip-catalunya-sabadell\/wp-content\/uploads\/usu823\/2025\/11\/IMG_6468-1-edited.jpg 1728w, https:\/\/agora.xtec.cat\/ceip-catalunya-sabadell\/wp-content\/uploads\/usu823\/2025\/11\/IMG_6468-1-edited-300x225.jpg 300w, https:\/\/agora.xtec.cat\/ceip-catalunya-sabadell\/wp-content\/uploads\/usu823\/2025\/11\/IMG_6468-1-edited-1024x768.jpg 1024w, https:\/\/agora.xtec.cat\/ceip-catalunya-sabadell\/wp-content\/uploads\/usu823\/2025\/11\/IMG_6468-1-edited-768x576.jpg 768w, https:\/\/agora.xtec.cat\/ceip-catalunya-sabadell\/wp-content\/uploads\/usu823\/2025\/11\/IMG_6468-1-edited-1536x1152.jpg 1536w, https:\/\/agora.xtec.cat\/ceip-catalunya-sabadell\/wp-content\/uploads\/usu823\/2025\/11\/IMG_6468-1-edited-200x150.jpg 200w\" sizes=\"auto, (max-width: 1728px) 100vw, 1728px\" \/><\/a><\/figure>\n\n\n\n<p>A la tarda, l&#8217;alumnat solista de Prim\u00e0ria que toca instruments va poder mostrar els seus instruments i interpretar peces variades, tot oferint un concert exclusiu per als nens i nenes d&#8217;Educaci\u00f3 Infantil, que va posar punt i final a un dia ple de m\u00fasica i emoci\u00f3. <\/p>\n","protected":false},"excerpt":{"rendered":"<p>Un any m\u00e9s, hem celebrat Santa Cec\u00edlia, la patrona de la m\u00fasica. A l&#8217;escola entenem la m\u00fasica com una manera de comunicar-nos, d&#8217;expressar emocions i compartir moments que ens fan cr\u00e9ixer. La m\u00fasica ens acompanya i ens uneix com a comunitat. <\/p>\n<p>Aquest any hem volgut&hellip;  <a href=\"https:\/\/agora.xtec.cat\/ceip-catalunya-sabadell\/portada\/santa-cecilia-4\/\" title=\"Read SANTA CEC\u00cdLIA\">Llegeix m\u00e9s\u00bb<\/a><\/p>\n","protected":false},"author":3,"featured_media":0,"comment_status":"open","ping_status":"open","sticky":false,"template":"","format":"standard","meta":{"_bbp_topic_count":0,"_bbp_reply_count":0,"_bbp_total_topic_count":0,"_bbp_total_reply_count":0,"_bbp_voice_count":0,"_bbp_anonymous_reply_count":0,"_bbp_topic_count_hidden":0,"_bbp_reply_count_hidden":0,"_bbp_forum_subforum_count":0,"footnotes":""},"categories":[36,44,4],"tags":[],"class_list":["post-5359","post","type-post","status-publish","format-standard","hentry","category-festes","category-musica","category-portada"],"post_mailing_queue_ids":[],"_links":{"self":[{"href":"https:\/\/agora.xtec.cat\/ceip-catalunya-sabadell\/wp-json\/wp\/v2\/posts\/5359","targetHints":{"allow":["GET"]}}],"collection":[{"href":"https:\/\/agora.xtec.cat\/ceip-catalunya-sabadell\/wp-json\/wp\/v2\/posts"}],"about":[{"href":"https:\/\/agora.xtec.cat\/ceip-catalunya-sabadell\/wp-json\/wp\/v2\/types\/post"}],"author":[{"embeddable":true,"href":"https:\/\/agora.xtec.cat\/ceip-catalunya-sabadell\/wp-json\/wp\/v2\/users\/3"}],"replies":[{"embeddable":true,"href":"https:\/\/agora.xtec.cat\/ceip-catalunya-sabadell\/wp-json\/wp\/v2\/comments?post=5359"}],"version-history":[{"count":2,"href":"https:\/\/agora.xtec.cat\/ceip-catalunya-sabadell\/wp-json\/wp\/v2\/posts\/5359\/revisions"}],"predecessor-version":[{"id":5363,"href":"https:\/\/agora.xtec.cat\/ceip-catalunya-sabadell\/wp-json\/wp\/v2\/posts\/5359\/revisions\/5363"}],"wp:attachment":[{"href":"https:\/\/agora.xtec.cat\/ceip-catalunya-sabadell\/wp-json\/wp\/v2\/media?parent=5359"}],"wp:term":[{"taxonomy":"category","embeddable":true,"href":"https:\/\/agora.xtec.cat\/ceip-catalunya-sabadell\/wp-json\/wp\/v2\/categories?post=5359"},{"taxonomy":"post_tag","embeddable":true,"href":"https:\/\/agora.xtec.cat\/ceip-catalunya-sabadell\/wp-json\/wp\/v2\/tags?post=5359"}],"curies":[{"name":"wp","href":"https:\/\/api.w.org\/{rel}","templated":true}]}}