{"id":5356,"date":"2025-11-17T10:21:51","date_gmt":"2025-11-17T09:21:51","guid":{"rendered":"https:\/\/agora.xtec.cat\/ceip-catalunya-sabadell\/?p=5356"},"modified":"2025-11-17T10:21:52","modified_gmt":"2025-11-17T09:21:52","slug":"gimcana-steam-a-lescola","status":"publish","type":"post","link":"https:\/\/agora.xtec.cat\/ceip-catalunya-sabadell\/general\/gimcana-steam-a-lescola\/","title":{"rendered":"Gimcana STEAM  a l&#8217;escola"},"content":{"rendered":"\n<p>Dissabte 15 de novembre els serveis educatius de l&#8217;Ajuntament de Sabadell, dins del marc del Pla Educatiu de l&#8217;Entorn, ens van fer gaudir d&#8217;una bona matinal a l&#8217;escola, amb una gimcana on l&#8217;alumnat de cicle mitj\u00e0 i superior del centre van haver de resoldre proves cient\u00edfiques i tecnol\u00f2giques, que junt amb les fam\u00edlies, ens van tenir molt engrescats i engrescades! Va ser una jornada intensa i plena de bons moments compartits!<\/p>\n\n\n<div class=\"wp-block-image\">\n<figure class=\"aligncenter size-full\"><a href=\"https:\/\/drive.google.com\/drive\/folders\/12B806u7QgmHtboqTi5LJFs-VCxaEnZ-i?usp=sharing\"><img loading=\"lazy\" decoding=\"async\" width=\"264\" height=\"160\" src=\"https:\/\/agora.xtec.cat\/ceip-catalunya-sabadell\/wp-content\/uploads\/usu823\/2025\/11\/Article.jpg\" alt=\"\" class=\"wp-image-5357\" \/><\/a><\/figure><\/div>","protected":false},"excerpt":{"rendered":"<p>Dissabte 15 de novembre els serveis educatius de l&#8217;Ajuntament de Sabadell, dins del marc del Pla Educatiu de l&#8217;Entorn, ens van fer gaudir d&#8217;una bona matinal a l&#8217;escola, amb una gimcana on l&#8217;alumnat de cicle mitj\u00e0 i superior del centre van haver de resoldre proves&hellip;  <a href=\"https:\/\/agora.xtec.cat\/ceip-catalunya-sabadell\/general\/gimcana-steam-a-lescola\/\" title=\"Read Gimcana STEAM  a l&#8217;escola\">Llegeix m\u00e9s\u00bb<\/a><\/p>\n","protected":false},"author":22,"featured_media":0,"comment_status":"open","ping_status":"open","sticky":false,"template":"","format":"standard","meta":{"_bbp_topic_count":0,"_bbp_reply_count":0,"_bbp_total_topic_count":0,"_bbp_total_reply_count":0,"_bbp_voice_count":0,"_bbp_anonymous_reply_count":0,"_bbp_topic_count_hidden":0,"_bbp_reply_count_hidden":0,"_bbp_forum_subforum_count":0,"footnotes":""},"categories":[1,4],"tags":[],"class_list":["post-5356","post","type-post","status-publish","format-standard","hentry","category-general","category-portada"],"post_mailing_queue_ids":[],"_links":{"self":[{"href":"https:\/\/agora.xtec.cat\/ceip-catalunya-sabadell\/wp-json\/wp\/v2\/posts\/5356","targetHints":{"allow":["GET"]}}],"collection":[{"href":"https:\/\/agora.xtec.cat\/ceip-catalunya-sabadell\/wp-json\/wp\/v2\/posts"}],"about":[{"href":"https:\/\/agora.xtec.cat\/ceip-catalunya-sabadell\/wp-json\/wp\/v2\/types\/post"}],"author":[{"embeddable":true,"href":"https:\/\/agora.xtec.cat\/ceip-catalunya-sabadell\/wp-json\/wp\/v2\/users\/22"}],"replies":[{"embeddable":true,"href":"https:\/\/agora.xtec.cat\/ceip-catalunya-sabadell\/wp-json\/wp\/v2\/comments?post=5356"}],"version-history":[{"count":1,"href":"https:\/\/agora.xtec.cat\/ceip-catalunya-sabadell\/wp-json\/wp\/v2\/posts\/5356\/revisions"}],"predecessor-version":[{"id":5358,"href":"https:\/\/agora.xtec.cat\/ceip-catalunya-sabadell\/wp-json\/wp\/v2\/posts\/5356\/revisions\/5358"}],"wp:attachment":[{"href":"https:\/\/agora.xtec.cat\/ceip-catalunya-sabadell\/wp-json\/wp\/v2\/media?parent=5356"}],"wp:term":[{"taxonomy":"category","embeddable":true,"href":"https:\/\/agora.xtec.cat\/ceip-catalunya-sabadell\/wp-json\/wp\/v2\/categories?post=5356"},{"taxonomy":"post_tag","embeddable":true,"href":"https:\/\/agora.xtec.cat\/ceip-catalunya-sabadell\/wp-json\/wp\/v2\/tags?post=5356"}],"curies":[{"name":"wp","href":"https:\/\/api.w.org\/{rel}","templated":true}]}}