{"id":5320,"date":"2025-06-20T09:29:32","date_gmt":"2025-06-20T07:29:32","guid":{"rendered":"https:\/\/agora.xtec.cat\/ceip-catalunya-sabadell\/?p=5320"},"modified":"2025-06-20T09:29:33","modified_gmt":"2025-06-20T07:29:33","slug":"we-are-going-on-a-bear-hunt-6e-i-i5","status":"publish","type":"post","link":"https:\/\/agora.xtec.cat\/ceip-catalunya-sabadell\/portada\/we-are-going-on-a-bear-hunt-6e-i-i5\/","title":{"rendered":"We are going on a bear hunt (6\u00e8 i I5)"},"content":{"rendered":"\n<p>L&#8217;alumnat de 6\u00e8 vam preparar el conte &#8220;We are going on a bear hunt&#8221; per als nens i nenes d&#8217;I5. Vam gaudir molt de tot el proc\u00e9s: la lectura, el treball en grup, la preparaci\u00f3 de material i, sobretot, la representaci\u00f3 final.<\/p>\n\n\n\n<p>Aqu\u00ed teniu una petita mostra de com va anar aquesta proposta que va agradar tant a gran com a petits.<\/p>\n\n\n\n<p><a href=\"https:\/\/drive.google.com\/file\/d\/14OWDGIf1zPpfu6_DG4ThsALs__2HLz7p\/view?usp=sharing\" data-type=\"link\" data-id=\"https:\/\/drive.google.com\/file\/d\/14OWDGIf1zPpfu6_DG4ThsALs__2HLz7p\/view?usp=sharing\">We are going on a bear hunt<\/a><\/p>\n\n\n\n<p><\/p>\n","protected":false},"excerpt":{"rendered":"<p>L&#8217;alumnat de 6\u00e8 vam preparar el conte &#8220;We are going on a bear hunt&#8221; per als nens i nenes d&#8217;I5. Vam gaudir molt de tot el proc\u00e9s: la lectura, el treball en grup, la preparaci\u00f3 de material i, sobretot, la representaci\u00f3 final.<\/p>\n<p>Aqu\u00ed teniu una petita&hellip;  <a href=\"https:\/\/agora.xtec.cat\/ceip-catalunya-sabadell\/portada\/we-are-going-on-a-bear-hunt-6e-i-i5\/\" title=\"Read We are going on a bear hunt (6\u00e8 i I5)\">Llegeix m\u00e9s\u00bb<\/a><\/p>\n","protected":false},"author":27,"featured_media":0,"comment_status":"open","ping_status":"open","sticky":false,"template":"","format":"standard","meta":{"_bbp_topic_count":0,"_bbp_reply_count":0,"_bbp_total_topic_count":0,"_bbp_total_reply_count":0,"_bbp_voice_count":0,"_bbp_anonymous_reply_count":0,"_bbp_topic_count_hidden":0,"_bbp_reply_count_hidden":0,"_bbp_forum_subforum_count":0,"footnotes":""},"categories":[15,41,134,4],"tags":[],"class_list":["post-5320","post","type-post","status-publish","format-standard","hentry","category-6e","category-english","category-promocio-22-31","category-portada"],"post_mailing_queue_ids":[],"_links":{"self":[{"href":"https:\/\/agora.xtec.cat\/ceip-catalunya-sabadell\/wp-json\/wp\/v2\/posts\/5320","targetHints":{"allow":["GET"]}}],"collection":[{"href":"https:\/\/agora.xtec.cat\/ceip-catalunya-sabadell\/wp-json\/wp\/v2\/posts"}],"about":[{"href":"https:\/\/agora.xtec.cat\/ceip-catalunya-sabadell\/wp-json\/wp\/v2\/types\/post"}],"author":[{"embeddable":true,"href":"https:\/\/agora.xtec.cat\/ceip-catalunya-sabadell\/wp-json\/wp\/v2\/users\/27"}],"replies":[{"embeddable":true,"href":"https:\/\/agora.xtec.cat\/ceip-catalunya-sabadell\/wp-json\/wp\/v2\/comments?post=5320"}],"version-history":[{"count":1,"href":"https:\/\/agora.xtec.cat\/ceip-catalunya-sabadell\/wp-json\/wp\/v2\/posts\/5320\/revisions"}],"predecessor-version":[{"id":5321,"href":"https:\/\/agora.xtec.cat\/ceip-catalunya-sabadell\/wp-json\/wp\/v2\/posts\/5320\/revisions\/5321"}],"wp:attachment":[{"href":"https:\/\/agora.xtec.cat\/ceip-catalunya-sabadell\/wp-json\/wp\/v2\/media?parent=5320"}],"wp:term":[{"taxonomy":"category","embeddable":true,"href":"https:\/\/agora.xtec.cat\/ceip-catalunya-sabadell\/wp-json\/wp\/v2\/categories?post=5320"},{"taxonomy":"post_tag","embeddable":true,"href":"https:\/\/agora.xtec.cat\/ceip-catalunya-sabadell\/wp-json\/wp\/v2\/tags?post=5320"}],"curies":[{"name":"wp","href":"https:\/\/api.w.org\/{rel}","templated":true}]}}