{"id":5315,"date":"2025-06-20T09:30:13","date_gmt":"2025-06-20T07:30:13","guid":{"rendered":"https:\/\/agora.xtec.cat\/ceip-catalunya-sabadell\/?p=5315"},"modified":"2025-06-20T13:10:05","modified_gmt":"2025-06-20T11:10:05","slug":"1r-fem-de-titellaires","status":"publish","type":"post","link":"https:\/\/agora.xtec.cat\/ceip-catalunya-sabadell\/general\/1r-fem-de-titellaires\/","title":{"rendered":"1r fem de titellaires"},"content":{"rendered":"\n<p>Aquest any, els nens i nenes de 1r han viscut una experi\u00e8ncia molt especial amb el <strong>projecte de teatre<\/strong> de titelles. Al llarg de les darreres setmanes, han llegit, estudiat i practicat els di\u00e0legs amb molta il\u00b7lusi\u00f3 i esfor\u00e7.<\/p>\n\n\n\n<p>Una de les activitats m\u00e9s esperades va ser la <strong>sortida al MIT<\/strong> (Museu Internacional de Titelles), que ens va servir d&#8217;inspiraci\u00f3 per crear els nostres propis titelles. Amb molta creativitat i imaginaci\u00f3, cada alumne va donar vida al seu propi personatge, que despr\u00e9s ha format part de la representaci\u00f3 final.<\/p>\n\n\n\n<p>Despr\u00e9s de molts assajos, nervis i molta emoci\u00f3&#8230; aqu\u00ed teniu el resultat! Els petits artistes han fet una gran feina i han gaudit molt compartint la representaci\u00f3 amb els alumnes d&#8217;I5 i 2n.<\/p>\n\n\n\n<p>Felicitats, artistes! Ho heu fet genial!<\/p>\n\n\n\n<figure class=\"wp-block-image size-full\"><a href=\"https:\/\/drive.google.com\/drive\/folders\/1LkifStrVDeA5wtzpUiU2Rny1dM1CeBrS?usp=drive_link\" rel=\"https:\/\/drive.google.com\/drive\/folders\/1LkifStrVDeA5wtzpUiU2Rny1dM1CeBrS?usp=drive_link\"><img loading=\"lazy\" decoding=\"async\" width=\"894\" height=\"894\" src=\"https:\/\/agora.xtec.cat\/ceip-catalunya-sabadell\/wp-content\/uploads\/usu823\/2025\/06\/la-cabreta-i-els-7-llops.jpg\" alt=\"\" class=\"wp-image-5317\" srcset=\"https:\/\/agora.xtec.cat\/ceip-catalunya-sabadell\/wp-content\/uploads\/usu823\/2025\/06\/la-cabreta-i-els-7-llops.jpg 894w, https:\/\/agora.xtec.cat\/ceip-catalunya-sabadell\/wp-content\/uploads\/usu823\/2025\/06\/la-cabreta-i-els-7-llops-300x300.jpg 300w, https:\/\/agora.xtec.cat\/ceip-catalunya-sabadell\/wp-content\/uploads\/usu823\/2025\/06\/la-cabreta-i-els-7-llops-150x150.jpg 150w, https:\/\/agora.xtec.cat\/ceip-catalunya-sabadell\/wp-content\/uploads\/usu823\/2025\/06\/la-cabreta-i-els-7-llops-768x768.jpg 768w\" sizes=\"auto, (max-width: 894px) 100vw, 894px\" \/><\/a><\/figure>\n","protected":false},"excerpt":{"rendered":"<p>Aquest any, els nens i nenes de 1r han viscut una experi\u00e8ncia molt especial amb el projecte de teatre de titelles. Al llarg de les darreres setmanes, han llegit, estudiat i practicat els di\u00e0legs amb molta il\u00b7lusi\u00f3 i esfor\u00e7.<\/p>\n<p>Una de les activitats m\u00e9s esperades va&hellip;  <a href=\"https:\/\/agora.xtec.cat\/ceip-catalunya-sabadell\/general\/1r-fem-de-titellaires\/\" title=\"Read 1r fem de titellaires\">Llegeix m\u00e9s\u00bb<\/a><\/p>\n","protected":false},"author":27,"featured_media":0,"comment_status":"open","ping_status":"open","sticky":false,"template":"","format":"standard","meta":{"_bbp_topic_count":0,"_bbp_reply_count":0,"_bbp_total_topic_count":0,"_bbp_total_reply_count":0,"_bbp_voice_count":0,"_bbp_anonymous_reply_count":0,"_bbp_topic_count_hidden":0,"_bbp_reply_count_hidden":0,"_bbp_forum_subforum_count":0,"footnotes":""},"categories":[125,1,4],"tags":[147,47,85],"class_list":["post-5315","post","type-post","status-publish","format-standard","hentry","category-promocio-21-30","category-general","category-portada","tag-1r","tag-cicle-inicial","tag-teatre"],"post_mailing_queue_ids":[],"_links":{"self":[{"href":"https:\/\/agora.xtec.cat\/ceip-catalunya-sabadell\/wp-json\/wp\/v2\/posts\/5315","targetHints":{"allow":["GET"]}}],"collection":[{"href":"https:\/\/agora.xtec.cat\/ceip-catalunya-sabadell\/wp-json\/wp\/v2\/posts"}],"about":[{"href":"https:\/\/agora.xtec.cat\/ceip-catalunya-sabadell\/wp-json\/wp\/v2\/types\/post"}],"author":[{"embeddable":true,"href":"https:\/\/agora.xtec.cat\/ceip-catalunya-sabadell\/wp-json\/wp\/v2\/users\/27"}],"replies":[{"embeddable":true,"href":"https:\/\/agora.xtec.cat\/ceip-catalunya-sabadell\/wp-json\/wp\/v2\/comments?post=5315"}],"version-history":[{"count":4,"href":"https:\/\/agora.xtec.cat\/ceip-catalunya-sabadell\/wp-json\/wp\/v2\/posts\/5315\/revisions"}],"predecessor-version":[{"id":5329,"href":"https:\/\/agora.xtec.cat\/ceip-catalunya-sabadell\/wp-json\/wp\/v2\/posts\/5315\/revisions\/5329"}],"wp:attachment":[{"href":"https:\/\/agora.xtec.cat\/ceip-catalunya-sabadell\/wp-json\/wp\/v2\/media?parent=5315"}],"wp:term":[{"taxonomy":"category","embeddable":true,"href":"https:\/\/agora.xtec.cat\/ceip-catalunya-sabadell\/wp-json\/wp\/v2\/categories?post=5315"},{"taxonomy":"post_tag","embeddable":true,"href":"https:\/\/agora.xtec.cat\/ceip-catalunya-sabadell\/wp-json\/wp\/v2\/tags?post=5315"}],"curies":[{"name":"wp","href":"https:\/\/api.w.org\/{rel}","templated":true}]}}