{"id":531,"date":"2016-09-01T12:27:10","date_gmt":"2016-09-01T11:27:10","guid":{"rendered":"http:\/\/agora.xtec.cat\/ceip-catalunya-sabadell\/?p=531"},"modified":"2016-09-06T13:15:41","modified_gmt":"2016-09-06T12:15:41","slug":"comencem-el-curs-2016-17","status":"publish","type":"post","link":"https:\/\/agora.xtec.cat\/ceip-catalunya-sabadell\/portada\/comencem-el-curs-2016-17\/","title":{"rendered":"COMENCEM EL CURS 2016-17!!!"},"content":{"rendered":"<p><img loading=\"lazy\" decoding=\"async\" class=\"alignnone size-full wp-image-532\" src=\"http:\/\/agora.xtec.cat\/ceip-catalunya-sabadell\/wp-content\/uploads\/usu823\/2016\/09\/foto-inici-curs.jpg\" alt=\"foto inici curs\" width=\"720\" height=\"509\" srcset=\"https:\/\/agora.xtec.cat\/ceip-catalunya-sabadell\/wp-content\/uploads\/usu823\/2016\/09\/foto-inici-curs.jpg 720w, https:\/\/agora.xtec.cat\/ceip-catalunya-sabadell\/wp-content\/uploads\/usu823\/2016\/09\/foto-inici-curs-300x212.jpg 300w\" sizes=\"auto, (max-width: 720px) 100vw, 720px\" \/><\/p>\n<p>Benvolgudes fam\u00edlies,<\/p>\n<p>us donem la benvinguda al nou curs 2016-17!!!<\/p>\n<p>Clicant al men\u00fa &#8220;<strong>curs 2016-17<\/strong>&#8221; trobareu informaci\u00f3 el curs actual: mestres dels diferents cursos, el calendari escolar, el material necessari, aix\u00ed com la normativa d&#8217;enguany.<\/p>\n<p>Us esperem el proper 12 de setembre en l&#8217;horari habitual, de 9 a 12,30h a 15 a 16,30h.<\/p>\n<p>L&#8217;equip directiu<\/p>\n","protected":false},"excerpt":{"rendered":"<p>Benvolgudes fam\u00edlies,<br \/>\nus donem la benvinguda al nou curs 2016-17!!!<br \/>\nClicant al men\u00fa &#8220;curs 2016-17&#8221; trobareu informaci\u00f3 el curs actual: mestres dels diferents cursos, el calendari escolar, el material necessari, aix\u00ed com la normativa d&#8217;enguany.<br \/>\nUs esperem el proper 12 de setembre en l&#8217;horari habitual, de 9 a&hellip;  <a href=\"https:\/\/agora.xtec.cat\/ceip-catalunya-sabadell\/portada\/comencem-el-curs-2016-17\/\" title=\"Read COMENCEM EL CURS 2016-17!!!\">Llegeix m\u00e9s\u00bb<\/a><\/p>\n","protected":false},"author":3,"featured_media":532,"comment_status":"open","ping_status":"open","sticky":false,"template":"","format":"standard","meta":{"_bbp_topic_count":0,"_bbp_reply_count":0,"_bbp_total_topic_count":0,"_bbp_total_reply_count":0,"_bbp_voice_count":0,"_bbp_anonymous_reply_count":0,"_bbp_topic_count_hidden":0,"_bbp_reply_count_hidden":0,"_bbp_forum_subforum_count":0,"footnotes":""},"categories":[4],"tags":[],"class_list":["post-531","post","type-post","status-publish","format-standard","has-post-thumbnail","hentry","category-portada"],"post_mailing_queue_ids":[],"_links":{"self":[{"href":"https:\/\/agora.xtec.cat\/ceip-catalunya-sabadell\/wp-json\/wp\/v2\/posts\/531","targetHints":{"allow":["GET"]}}],"collection":[{"href":"https:\/\/agora.xtec.cat\/ceip-catalunya-sabadell\/wp-json\/wp\/v2\/posts"}],"about":[{"href":"https:\/\/agora.xtec.cat\/ceip-catalunya-sabadell\/wp-json\/wp\/v2\/types\/post"}],"author":[{"embeddable":true,"href":"https:\/\/agora.xtec.cat\/ceip-catalunya-sabadell\/wp-json\/wp\/v2\/users\/3"}],"replies":[{"embeddable":true,"href":"https:\/\/agora.xtec.cat\/ceip-catalunya-sabadell\/wp-json\/wp\/v2\/comments?post=531"}],"version-history":[{"count":3,"href":"https:\/\/agora.xtec.cat\/ceip-catalunya-sabadell\/wp-json\/wp\/v2\/posts\/531\/revisions"}],"predecessor-version":[{"id":536,"href":"https:\/\/agora.xtec.cat\/ceip-catalunya-sabadell\/wp-json\/wp\/v2\/posts\/531\/revisions\/536"}],"wp:featuredmedia":[{"embeddable":true,"href":"https:\/\/agora.xtec.cat\/ceip-catalunya-sabadell\/wp-json\/wp\/v2\/media\/532"}],"wp:attachment":[{"href":"https:\/\/agora.xtec.cat\/ceip-catalunya-sabadell\/wp-json\/wp\/v2\/media?parent=531"}],"wp:term":[{"taxonomy":"category","embeddable":true,"href":"https:\/\/agora.xtec.cat\/ceip-catalunya-sabadell\/wp-json\/wp\/v2\/categories?post=531"},{"taxonomy":"post_tag","embeddable":true,"href":"https:\/\/agora.xtec.cat\/ceip-catalunya-sabadell\/wp-json\/wp\/v2\/tags?post=531"}],"curies":[{"name":"wp","href":"https:\/\/api.w.org\/{rel}","templated":true}]}}