{"id":5290,"date":"2025-05-26T10:01:07","date_gmt":"2025-05-26T08:01:07","guid":{"rendered":"https:\/\/agora.xtec.cat\/ceip-catalunya-sabadell\/?p=5290"},"modified":"2025-05-26T10:01:07","modified_gmt":"2025-05-26T08:01:07","slug":"el-petit-princep-4","status":"publish","type":"post","link":"https:\/\/agora.xtec.cat\/ceip-catalunya-sabadell\/general\/el-petit-princep-4\/","title":{"rendered":"EL PETIT PR\u00cdNCEP"},"content":{"rendered":"\n<p>L&#8217;alumnat de 5\u00e8 ha iniciat una aventura molt emocionant de la m\u00e0 de &#8220;El Petit Pr\u00edncep&#8221; en el seu viatge a trav\u00e9s de l&#8217;univers, on descobreix personatges ben estrafolaris que li ensenyen com viuen i quins s\u00f3n els seus valors.  <\/p>\n\n\n\n<p>Ha estat un projecte de teatre transversal que ha combinat expressi\u00f3 oral, m\u00fasica, interpretaci\u00f3, llengua de signes, pl\u00e0stica, tecnologia i tots els valors que va descobrint el protagonista a mesura que  va coneixent nous personatges i planetes. <\/p>\n\n\n\n<p>Tot l&#8217;alumnat ha estat molt satisfet amb el treball realitzat i el resultat ha estat espectacular! Des d&#8217;aqu\u00ed volem felicitar-los a tots i totes i a tot l&#8217;equip de mestres que hi ha col\u00b7laborat per fer d&#8217;aquesta obra una realitat, un any m\u00e9s. <\/p>\n\n\n\n<p>Us deixem un seguit d&#8217;imatges i v\u00eddeos perqu\u00e8 el pugueu gaudir.<\/p>\n\n\n\n<figure class=\"wp-block-image size-large\"><a href=\"https:\/\/drive.google.com\/drive\/folders\/1hZfFiP_dAoR4YcBzTTsKc9_C2GNZNKDe?usp=sharing\"><img loading=\"lazy\" decoding=\"async\" width=\"808\" height=\"1024\" src=\"https:\/\/agora.xtec.cat\/ceip-catalunya-sabadell\/wp-content\/uploads\/usu823\/2025\/05\/IMG_8233-808x1024.jpg\" alt=\"\" class=\"wp-image-5291\" srcset=\"https:\/\/agora.xtec.cat\/ceip-catalunya-sabadell\/wp-content\/uploads\/usu823\/2025\/05\/IMG_8233-808x1024.jpg 808w, https:\/\/agora.xtec.cat\/ceip-catalunya-sabadell\/wp-content\/uploads\/usu823\/2025\/05\/IMG_8233-237x300.jpg 237w, https:\/\/agora.xtec.cat\/ceip-catalunya-sabadell\/wp-content\/uploads\/usu823\/2025\/05\/IMG_8233-768x973.jpg 768w, https:\/\/agora.xtec.cat\/ceip-catalunya-sabadell\/wp-content\/uploads\/usu823\/2025\/05\/IMG_8233-1212x1536.jpg 1212w, https:\/\/agora.xtec.cat\/ceip-catalunya-sabadell\/wp-content\/uploads\/usu823\/2025\/05\/IMG_8233-1616x2048.jpg 1616w, https:\/\/agora.xtec.cat\/ceip-catalunya-sabadell\/wp-content\/uploads\/usu823\/2025\/05\/IMG_8233-scaled.jpg 2020w\" sizes=\"auto, (max-width: 808px) 100vw, 808px\" \/><\/a><\/figure>\n","protected":false},"excerpt":{"rendered":"<p>L&#8217;alumnat de 5\u00e8 ha iniciat una aventura molt emocionant de la m\u00e0 de &#8220;El Petit Pr\u00edncep&#8221; en el seu viatge a trav\u00e9s de l&#8217;univers, on descobreix personatges ben estrafolaris que li ensenyen com viuen i quins s\u00f3n els seus valors.  <\/p>\n<p>Ha estat un projecte&hellip;  <a href=\"https:\/\/agora.xtec.cat\/ceip-catalunya-sabadell\/general\/el-petit-princep-4\/\" title=\"Read EL PETIT PR\u00cdNCEP\">Llegeix m\u00e9s\u00bb<\/a><\/p>\n","protected":false},"author":3,"featured_media":0,"comment_status":"open","ping_status":"open","sticky":false,"template":"","format":"standard","meta":{"_bbp_topic_count":0,"_bbp_reply_count":0,"_bbp_total_topic_count":0,"_bbp_total_reply_count":0,"_bbp_voice_count":0,"_bbp_anonymous_reply_count":0,"_bbp_topic_count_hidden":0,"_bbp_reply_count_hidden":0,"_bbp_forum_subforum_count":0,"footnotes":""},"categories":[14,1,4,37],"tags":[],"class_list":["post-5290","post","type-post","status-publish","format-standard","hentry","category-5e","category-general","category-portada","category-teatre"],"post_mailing_queue_ids":[],"_links":{"self":[{"href":"https:\/\/agora.xtec.cat\/ceip-catalunya-sabadell\/wp-json\/wp\/v2\/posts\/5290","targetHints":{"allow":["GET"]}}],"collection":[{"href":"https:\/\/agora.xtec.cat\/ceip-catalunya-sabadell\/wp-json\/wp\/v2\/posts"}],"about":[{"href":"https:\/\/agora.xtec.cat\/ceip-catalunya-sabadell\/wp-json\/wp\/v2\/types\/post"}],"author":[{"embeddable":true,"href":"https:\/\/agora.xtec.cat\/ceip-catalunya-sabadell\/wp-json\/wp\/v2\/users\/3"}],"replies":[{"embeddable":true,"href":"https:\/\/agora.xtec.cat\/ceip-catalunya-sabadell\/wp-json\/wp\/v2\/comments?post=5290"}],"version-history":[{"count":2,"href":"https:\/\/agora.xtec.cat\/ceip-catalunya-sabadell\/wp-json\/wp\/v2\/posts\/5290\/revisions"}],"predecessor-version":[{"id":5293,"href":"https:\/\/agora.xtec.cat\/ceip-catalunya-sabadell\/wp-json\/wp\/v2\/posts\/5290\/revisions\/5293"}],"wp:attachment":[{"href":"https:\/\/agora.xtec.cat\/ceip-catalunya-sabadell\/wp-json\/wp\/v2\/media?parent=5290"}],"wp:term":[{"taxonomy":"category","embeddable":true,"href":"https:\/\/agora.xtec.cat\/ceip-catalunya-sabadell\/wp-json\/wp\/v2\/categories?post=5290"},{"taxonomy":"post_tag","embeddable":true,"href":"https:\/\/agora.xtec.cat\/ceip-catalunya-sabadell\/wp-json\/wp\/v2\/tags?post=5290"}],"curies":[{"name":"wp","href":"https:\/\/api.w.org\/{rel}","templated":true}]}}