{"id":5270,"date":"2025-05-07T15:01:17","date_gmt":"2025-05-07T13:01:17","guid":{"rendered":"https:\/\/agora.xtec.cat\/ceip-catalunya-sabadell\/?p=5270"},"modified":"2025-05-09T16:06:51","modified_gmt":"2025-05-09T14:06:51","slug":"contes-per-la-sostenibilitat","status":"publish","type":"post","link":"https:\/\/agora.xtec.cat\/ceip-catalunya-sabadell\/general\/contes-per-la-sostenibilitat\/","title":{"rendered":"Contes per la sostenibilitat"},"content":{"rendered":"\n<p>Divendres 25 d\u2019abril, al llarg del mat\u00ed tots els nens i les nenes de l\u2019escola Catalunya, van poder gaudir d\u2019una lectura compartida.<\/p>\n\n\n\n<p>Tot l&#8217;alumnat es va dividir en petits grups que es van repartir pel pati de l\u2019escola i els nens i nenes de 4t, 5\u00e8 i 6\u00e8 van preparar-se un conte per explicar a la resta de companys i companyes de l&#8217;escola.<\/p>\n\n\n\n<p>Va ser una estona molt agradable en la qual infants de diferents edats van utilitzar la lectura com a font de plaer, per apropar-se i ajudar-se entre ells amb el mateix objectiu: fomentar el gust per la lectura.<\/p>\n\n\n\n<p>Agra\u00efm la col\u00b7laboraci\u00f3 de la biblioteca municipal Els Safareigs per la selecci\u00f3 dels contes que ens ha deixat que ha fet possible dur a terme aquesta activitat liter\u00e0ria que tant ens agrada i que vehiculem amb la tem\u00e0tica dels valors i la sostenibilitat. <\/p>\n\n\n\n<figure class=\"wp-block-image size-full\"><a href=\"https:\/\/drive.google.com\/drive\/folders\/1Hr-AbCyGTM7ox0CtWFT9CxeWwmJrrqCq?usp=sharing\"><img loading=\"lazy\" decoding=\"async\" width=\"631\" height=\"661\" src=\"https:\/\/agora.xtec.cat\/ceip-catalunya-sabadell\/wp-content\/uploads\/usu823\/2025\/05\/Captura.jpg\" alt=\"\" class=\"wp-image-5273\" srcset=\"https:\/\/agora.xtec.cat\/ceip-catalunya-sabadell\/wp-content\/uploads\/usu823\/2025\/05\/Captura.jpg 631w, https:\/\/agora.xtec.cat\/ceip-catalunya-sabadell\/wp-content\/uploads\/usu823\/2025\/05\/Captura-286x300.jpg 286w\" sizes=\"auto, (max-width: 631px) 100vw, 631px\" \/><\/a><\/figure>\n","protected":false},"excerpt":{"rendered":"<p>Divendres 25 d\u2019abril, al llarg del mat\u00ed tots els nens i les nenes de l\u2019escola Catalunya, van poder gaudir d\u2019una lectura compartida.<\/p>\n<p>Tot l&#8217;alumnat es va dividir en petits grups que es van repartir pel pati de l\u2019escola i els nens i nenes de 4t, 5\u00e8&hellip;  <a href=\"https:\/\/agora.xtec.cat\/ceip-catalunya-sabadell\/general\/contes-per-la-sostenibilitat\/\" title=\"Read Contes per la sostenibilitat\">Llegeix m\u00e9s\u00bb<\/a><\/p>\n","protected":false},"author":22,"featured_media":0,"comment_status":"open","ping_status":"open","sticky":false,"template":"","format":"standard","meta":{"_bbp_topic_count":0,"_bbp_reply_count":0,"_bbp_total_topic_count":0,"_bbp_total_reply_count":0,"_bbp_voice_count":0,"_bbp_anonymous_reply_count":0,"_bbp_topic_count_hidden":0,"_bbp_reply_count_hidden":0,"_bbp_forum_subforum_count":0,"footnotes":""},"categories":[38,1,4],"tags":[],"class_list":["post-5270","post","type-post","status-publish","format-standard","hentry","category-sostenible","category-general","category-portada"],"post_mailing_queue_ids":[],"_links":{"self":[{"href":"https:\/\/agora.xtec.cat\/ceip-catalunya-sabadell\/wp-json\/wp\/v2\/posts\/5270","targetHints":{"allow":["GET"]}}],"collection":[{"href":"https:\/\/agora.xtec.cat\/ceip-catalunya-sabadell\/wp-json\/wp\/v2\/posts"}],"about":[{"href":"https:\/\/agora.xtec.cat\/ceip-catalunya-sabadell\/wp-json\/wp\/v2\/types\/post"}],"author":[{"embeddable":true,"href":"https:\/\/agora.xtec.cat\/ceip-catalunya-sabadell\/wp-json\/wp\/v2\/users\/22"}],"replies":[{"embeddable":true,"href":"https:\/\/agora.xtec.cat\/ceip-catalunya-sabadell\/wp-json\/wp\/v2\/comments?post=5270"}],"version-history":[{"count":1,"href":"https:\/\/agora.xtec.cat\/ceip-catalunya-sabadell\/wp-json\/wp\/v2\/posts\/5270\/revisions"}],"predecessor-version":[{"id":5274,"href":"https:\/\/agora.xtec.cat\/ceip-catalunya-sabadell\/wp-json\/wp\/v2\/posts\/5270\/revisions\/5274"}],"wp:attachment":[{"href":"https:\/\/agora.xtec.cat\/ceip-catalunya-sabadell\/wp-json\/wp\/v2\/media?parent=5270"}],"wp:term":[{"taxonomy":"category","embeddable":true,"href":"https:\/\/agora.xtec.cat\/ceip-catalunya-sabadell\/wp-json\/wp\/v2\/categories?post=5270"},{"taxonomy":"post_tag","embeddable":true,"href":"https:\/\/agora.xtec.cat\/ceip-catalunya-sabadell\/wp-json\/wp\/v2\/tags?post=5270"}],"curies":[{"name":"wp","href":"https:\/\/api.w.org\/{rel}","templated":true}]}}