{"id":5254,"date":"2025-04-11T17:20:00","date_gmt":"2025-04-11T15:20:00","guid":{"rendered":"https:\/\/agora.xtec.cat\/ceip-catalunya-sabadell\/?p=5254"},"modified":"2025-04-11T10:24:06","modified_gmt":"2025-04-11T08:24:06","slug":"jornades-esportives-2025","status":"publish","type":"post","link":"https:\/\/agora.xtec.cat\/ceip-catalunya-sabadell\/portada\/jornades-esportives-2025\/","title":{"rendered":"JORNADES ESPORTIVES 2025"},"content":{"rendered":"\n<p>Un any m\u00e9s, l&#8217;\u00faltim dia del segon trimestre hem celebrat les Jornades Esportives Montse Pascual. Al llarg del dia, els diferents cicles de Prim\u00e0ria han participat en propostes ben diverses: slackline, jocs cooperatius, taller de zumba, bitlles catalanes, hoquei, salts amb minitramp, orientaci\u00f3 i el tradicional torneig de volei. <\/p>\n\n\n\n<p>Ha estat un dia molt emocionant en qu\u00e8 a m\u00e9s de fer activitat f\u00edsica hem posat en pr\u00e0ctica valors com l&#8217;esfor\u00e7, la generositat, la pertinen\u00e7a, el respecte entre d&#8217;altres. Hem gaudit molt i hem fet pinya a trav\u00e9s del joc i l&#8217;esport.  <\/p>\n\n\n\n<p>Us deixem un recull de fotografies de la Jornada: <\/p>\n\n\n\n<figure class=\"wp-block-image size-large\"><a href=\"https:\/\/drive.google.com\/drive\/folders\/1bI8PgTYvA77Exequ2ZbhBHH_08CiTgXS?usp=sharing\"><img loading=\"lazy\" decoding=\"async\" width=\"1024\" height=\"768\" src=\"https:\/\/agora.xtec.cat\/ceip-catalunya-sabadell\/wp-content\/uploads\/usu823\/2025\/04\/IMG_6560-3-1024x768.jpg\" alt=\"\" class=\"wp-image-5255\" srcset=\"https:\/\/agora.xtec.cat\/ceip-catalunya-sabadell\/wp-content\/uploads\/usu823\/2025\/04\/IMG_6560-3-1024x768.jpg 1024w, https:\/\/agora.xtec.cat\/ceip-catalunya-sabadell\/wp-content\/uploads\/usu823\/2025\/04\/IMG_6560-3-300x225.jpg 300w, https:\/\/agora.xtec.cat\/ceip-catalunya-sabadell\/wp-content\/uploads\/usu823\/2025\/04\/IMG_6560-3-768x576.jpg 768w, https:\/\/agora.xtec.cat\/ceip-catalunya-sabadell\/wp-content\/uploads\/usu823\/2025\/04\/IMG_6560-3-1536x1152.jpg 1536w, https:\/\/agora.xtec.cat\/ceip-catalunya-sabadell\/wp-content\/uploads\/usu823\/2025\/04\/IMG_6560-3-2048x1536.jpg 2048w, https:\/\/agora.xtec.cat\/ceip-catalunya-sabadell\/wp-content\/uploads\/usu823\/2025\/04\/IMG_6560-3-200x150.jpg 200w\" sizes=\"auto, (max-width: 1024px) 100vw, 1024px\" \/><\/a><\/figure>\n","protected":false},"excerpt":{"rendered":"<p>Un any m\u00e9s, l&#8217;\u00faltim dia del segon trimestre hem celebrat les Jornades Esportives Montse Pascual. Al llarg del dia, els diferents cicles de Prim\u00e0ria han participat en propostes ben diverses: slackline, jocs cooperatius, taller de zumba, bitlles catalanes, hoquei, salts amb minitramp, orientaci\u00f3 i el&hellip;  <a href=\"https:\/\/agora.xtec.cat\/ceip-catalunya-sabadell\/portada\/jornades-esportives-2025\/\" title=\"Read JORNADES ESPORTIVES 2025\">Llegeix m\u00e9s\u00bb<\/a><\/p>\n","protected":false},"author":3,"featured_media":0,"comment_status":"open","ping_status":"open","sticky":false,"template":"","format":"standard","meta":{"_bbp_topic_count":0,"_bbp_reply_count":0,"_bbp_total_topic_count":0,"_bbp_total_reply_count":0,"_bbp_voice_count":0,"_bbp_anonymous_reply_count":0,"_bbp_topic_count_hidden":0,"_bbp_reply_count_hidden":0,"_bbp_forum_subforum_count":0,"footnotes":""},"categories":[124,118,13,119,14,15,120,36,4],"tags":[],"class_list":["post-5254","post","type-post","status-publish","format-standard","hentry","category-promocio-20-29","category-promocio19-28","category-4t","category-promocio-18-27","category-5e","category-6e","category-educacio-corporal","category-festes","category-portada"],"post_mailing_queue_ids":[],"_links":{"self":[{"href":"https:\/\/agora.xtec.cat\/ceip-catalunya-sabadell\/wp-json\/wp\/v2\/posts\/5254","targetHints":{"allow":["GET"]}}],"collection":[{"href":"https:\/\/agora.xtec.cat\/ceip-catalunya-sabadell\/wp-json\/wp\/v2\/posts"}],"about":[{"href":"https:\/\/agora.xtec.cat\/ceip-catalunya-sabadell\/wp-json\/wp\/v2\/types\/post"}],"author":[{"embeddable":true,"href":"https:\/\/agora.xtec.cat\/ceip-catalunya-sabadell\/wp-json\/wp\/v2\/users\/3"}],"replies":[{"embeddable":true,"href":"https:\/\/agora.xtec.cat\/ceip-catalunya-sabadell\/wp-json\/wp\/v2\/comments?post=5254"}],"version-history":[{"count":1,"href":"https:\/\/agora.xtec.cat\/ceip-catalunya-sabadell\/wp-json\/wp\/v2\/posts\/5254\/revisions"}],"predecessor-version":[{"id":5256,"href":"https:\/\/agora.xtec.cat\/ceip-catalunya-sabadell\/wp-json\/wp\/v2\/posts\/5254\/revisions\/5256"}],"wp:attachment":[{"href":"https:\/\/agora.xtec.cat\/ceip-catalunya-sabadell\/wp-json\/wp\/v2\/media?parent=5254"}],"wp:term":[{"taxonomy":"category","embeddable":true,"href":"https:\/\/agora.xtec.cat\/ceip-catalunya-sabadell\/wp-json\/wp\/v2\/categories?post=5254"},{"taxonomy":"post_tag","embeddable":true,"href":"https:\/\/agora.xtec.cat\/ceip-catalunya-sabadell\/wp-json\/wp\/v2\/tags?post=5254"}],"curies":[{"name":"wp","href":"https:\/\/api.w.org\/{rel}","templated":true}]}}