{"id":5251,"date":"2025-04-10T12:52:57","date_gmt":"2025-04-10T10:52:57","guid":{"rendered":"https:\/\/agora.xtec.cat\/ceip-catalunya-sabadell\/?p=5251"},"modified":"2025-04-10T12:52:58","modified_gmt":"2025-04-10T10:52:58","slug":"ajuts-menjador-curs-2025-2026","status":"publish","type":"post","link":"https:\/\/agora.xtec.cat\/ceip-catalunya-sabadell\/portada\/ajuts-menjador-curs-2025-2026\/","title":{"rendered":"AJUTS MENJADOR CURS 2025-2026"},"content":{"rendered":"\n<p>Us fem arribar la informaci\u00f3 i l&#8217;enlla\u00e7 a l&#8217;aplicatiu per sol\u00b7licitar els AJUTS DE MENJADOR per al CURS 2025-2026 de l&#8217;Ajuntament de Sabadell.<\/p>\n\n\n\n<p><a rel=\"noreferrer noopener\" href=\"https:\/\/seu.sabadell.cat\/opensiac\/action\/tramitesinfo?method=enter&amp;id=849\" target=\"_blank\">ENLLA\u00c7<\/a><\/p>\n\n\n\n<p>El termini de presentaci\u00f3 de sol\u00b7licituds comen\u00e7a el 14 d\u2019abril, per al tr\u00e0mit telem\u00e0tic, &nbsp;i el 24 d\u2019abril per al presencial. El tr\u00e0mit presencial es pot fer priorit\u00e0riament al registre de Can Marcet (C. Pau Claris, 100) o al DESPATX LLUCH (c. Ind\u00fastria, 10).<\/p>\n\n\n\n<p>El per\u00edode de presentaci\u00f3 de sol\u00b7licituds finalitza el 23 de maig.<\/p>\n\n\n\n<p>Qualsevol dubte que tingueu, podeu trucar a secretaria 937269392.<\/p>\n\n\n\n<div data-wp-interactive=\"core\/file\" class=\"wp-block-file\"><object data-wp-bind--hidden=\"!state.hasPdfPreview\" hidden class=\"wp-block-file__embed\" data=\"https:\/\/agora.xtec.cat\/ceip-catalunya-sabadell\/wp-content\/uploads\/usu823\/2025\/04\/Guia-tramit-Ajuts-Menjador-Escolar-Curs-2025-2026.pdf\" type=\"application\/pdf\" style=\"width:100%;height:600px\" aria-label=\"Incrustaci\u00f3 del fitxer Guia-tramit-Ajuts-Menjador-Escolar-Curs-2025-2026.\"><\/object><a id=\"wp-block-file--media-c1528a6d-fc9e-4171-b8ea-f40296b2cd1e\" href=\"https:\/\/agora.xtec.cat\/ceip-catalunya-sabadell\/wp-content\/uploads\/usu823\/2025\/04\/Guia-tramit-Ajuts-Menjador-Escolar-Curs-2025-2026.pdf\">Guia-tramit-Ajuts-Menjador-Escolar-Curs-2025-2026<\/a><a href=\"https:\/\/agora.xtec.cat\/ceip-catalunya-sabadell\/wp-content\/uploads\/usu823\/2025\/04\/Guia-tramit-Ajuts-Menjador-Escolar-Curs-2025-2026.pdf\" class=\"wp-block-file__button wp-element-button\" download aria-describedby=\"wp-block-file--media-c1528a6d-fc9e-4171-b8ea-f40296b2cd1e\">Baixa<\/a><\/div>\n <a href=\"https:\/\/agora.xtec.cat\/ceip-catalunya-sabadell\/portada\/ajuts-menjador-curs-2025-2026\/\" rel=\"bookmark\" title=\"AJUTS MENJADOR CURS 2025-2026\">&#8734;<\/a>","protected":false},"excerpt":{"rendered":"<p>Us fem arribar la informaci\u00f3 i l&#8217;enlla\u00e7 a l&#8217;aplicatiu per sol\u00b7licitar els AJUTS DE MENJADOR per al CURS 2025-2026 de l&#8217;Ajuntament de Sabadell.<\/p>\n<p><a rel=\"noreferrer noopener\" href=\"https:\/\/seu.sabadell.cat\/opensiac\/action\/tramitesinfo?method=enter&amp;id=849\" target=\"_blank\">ENLLA\u00c7<\/a><\/p>\n<p>El termini de presentaci\u00f3 de sol\u00b7licituds comen\u00e7a el 14 d\u2019abril, per al tr\u00e0mit telem\u00e0tic, &nbsp;i el 24 d\u2019abril per&hellip;  <a href=\"https:\/\/agora.xtec.cat\/ceip-catalunya-sabadell\/portada\/ajuts-menjador-curs-2025-2026\/\" title=\"Read AJUTS MENJADOR CURS 2025-2026\">Llegeix m\u00e9s\u00bb<\/a><\/p>\n","protected":false},"author":3,"featured_media":0,"comment_status":"open","ping_status":"open","sticky":false,"template":"","format":"aside","meta":{"_bbp_topic_count":0,"_bbp_reply_count":0,"_bbp_total_topic_count":0,"_bbp_total_reply_count":0,"_bbp_voice_count":0,"_bbp_anonymous_reply_count":0,"_bbp_topic_count_hidden":0,"_bbp_reply_count_hidden":0,"_bbp_forum_subforum_count":0,"footnotes":""},"categories":[4],"tags":[145],"class_list":["post-5251","post","type-post","status-publish","format-aside","hentry","category-portada","tag-ajuts-menjador","post_format-post-format-aside"],"post_mailing_queue_ids":[],"_links":{"self":[{"href":"https:\/\/agora.xtec.cat\/ceip-catalunya-sabadell\/wp-json\/wp\/v2\/posts\/5251","targetHints":{"allow":["GET"]}}],"collection":[{"href":"https:\/\/agora.xtec.cat\/ceip-catalunya-sabadell\/wp-json\/wp\/v2\/posts"}],"about":[{"href":"https:\/\/agora.xtec.cat\/ceip-catalunya-sabadell\/wp-json\/wp\/v2\/types\/post"}],"author":[{"embeddable":true,"href":"https:\/\/agora.xtec.cat\/ceip-catalunya-sabadell\/wp-json\/wp\/v2\/users\/3"}],"replies":[{"embeddable":true,"href":"https:\/\/agora.xtec.cat\/ceip-catalunya-sabadell\/wp-json\/wp\/v2\/comments?post=5251"}],"version-history":[{"count":1,"href":"https:\/\/agora.xtec.cat\/ceip-catalunya-sabadell\/wp-json\/wp\/v2\/posts\/5251\/revisions"}],"predecessor-version":[{"id":5253,"href":"https:\/\/agora.xtec.cat\/ceip-catalunya-sabadell\/wp-json\/wp\/v2\/posts\/5251\/revisions\/5253"}],"wp:attachment":[{"href":"https:\/\/agora.xtec.cat\/ceip-catalunya-sabadell\/wp-json\/wp\/v2\/media?parent=5251"}],"wp:term":[{"taxonomy":"category","embeddable":true,"href":"https:\/\/agora.xtec.cat\/ceip-catalunya-sabadell\/wp-json\/wp\/v2\/categories?post=5251"},{"taxonomy":"post_tag","embeddable":true,"href":"https:\/\/agora.xtec.cat\/ceip-catalunya-sabadell\/wp-json\/wp\/v2\/tags?post=5251"}],"curies":[{"name":"wp","href":"https:\/\/api.w.org\/{rel}","templated":true}]}}