{"id":5240,"date":"2025-03-26T09:00:00","date_gmt":"2025-03-26T08:00:00","guid":{"rendered":"https:\/\/agora.xtec.cat\/ceip-catalunya-sabadell\/?p=5240"},"modified":"2025-03-26T11:15:19","modified_gmt":"2025-03-26T10:15:19","slug":"telenoticies-4t-3","status":"publish","type":"post","link":"https:\/\/agora.xtec.cat\/ceip-catalunya-sabadell\/portada\/telenoticies-4t-3\/","title":{"rendered":"TELENOT\u00cdCIES 4t"},"content":{"rendered":"\n<p>L&#8217;alumnat de 4t dins el seu projecte de teatre ha preparat un telenot\u00edcies ben especial. Aquest programa compta amb not\u00edcies de l&#8217;escola, locals de la nostra ciutat i fins i tot, internacionals, aix\u00ed com relacionades amb la ci\u00e8ncia i els esports.<\/p>\n\n\n\n<p>Ha estat un projecte globalitzat on l&#8217;alumnat ha treballat en grups cooperatius aquesta situaci\u00f3 d&#8217;aprenentatge des de diferents \u00e0rees (medi, llengua, arts &amp; crafts, dansa, estrat\u00e8gia digital, etc. ).<\/p>\n\n\n\n<p>Enguany, com a novetat, dimecres dia 26 l&#8217;alumnat de Prim\u00e0ria anir\u00e0 a un teatre per visualitzar l&#8217;estrena. Trobareu les fotografies de l&#8217;estrena, clicant <a href=\"https:\/\/drive.google.com\/drive\/folders\/1oaucWffVrmRMW6UyhqHAp8mBbu3jrG2K?usp=sharing\">AQU\u00cd<\/a><\/p>\n\n\n\n<p>A m\u00e9s, durant el mes d&#8217;abril s&#8217;enregistrar\u00e0 el telenot\u00edcies amb format radiof\u00f2nic. Us passarem l&#8217;enlla\u00e7 properament. <\/p>\n\n\n\n<p>Esperem que gaudiu d&#8217;aquest treball tan engrescador! Moltes felicitats a tots i totes!<\/p>\n\n\n\n<figure class=\"wp-block-image size-full\"><a href=\"https:\/\/drive.google.com\/file\/d\/1lZ5YVL75L1no1kAuVwp9u8vgkpS6jCqu\/view?usp=sharing\"><img loading=\"lazy\" decoding=\"async\" width=\"563\" height=\"317\" src=\"https:\/\/agora.xtec.cat\/ceip-catalunya-sabadell\/wp-content\/uploads\/usu823\/2025\/03\/TN-2.jpg\" alt=\"\" class=\"wp-image-5245\" srcset=\"https:\/\/agora.xtec.cat\/ceip-catalunya-sabadell\/wp-content\/uploads\/usu823\/2025\/03\/TN-2.jpg 563w, https:\/\/agora.xtec.cat\/ceip-catalunya-sabadell\/wp-content\/uploads\/usu823\/2025\/03\/TN-2-300x169.jpg 300w\" sizes=\"auto, (max-width: 563px) 100vw, 563px\" \/><\/a><\/figure>\n","protected":false},"excerpt":{"rendered":"<p>L&#8217;alumnat de 4t dins el seu projecte de teatre ha preparat un telenot\u00edcies ben especial. Aquest programa compta amb not\u00edcies de l&#8217;escola, locals de la nostra ciutat i fins i tot, internacionals, aix\u00ed com relacionades amb la ci\u00e8ncia i els esports.<\/p>\n<p>Ha estat un projecte globalitzat&hellip;  <a href=\"https:\/\/agora.xtec.cat\/ceip-catalunya-sabadell\/portada\/telenoticies-4t-3\/\" title=\"Read TELENOT\u00cdCIES 4t\">Llegeix m\u00e9s\u00bb<\/a><\/p>\n","protected":false},"author":3,"featured_media":0,"comment_status":"open","ping_status":"open","sticky":false,"template":"","format":"standard","meta":{"_bbp_topic_count":0,"_bbp_reply_count":0,"_bbp_total_topic_count":0,"_bbp_total_reply_count":0,"_bbp_voice_count":0,"_bbp_anonymous_reply_count":0,"_bbp_topic_count_hidden":0,"_bbp_reply_count_hidden":0,"_bbp_forum_subforum_count":0,"footnotes":""},"categories":[13,4,37],"tags":[],"class_list":["post-5240","post","type-post","status-publish","format-standard","hentry","category-4t","category-portada","category-teatre"],"post_mailing_queue_ids":[],"_links":{"self":[{"href":"https:\/\/agora.xtec.cat\/ceip-catalunya-sabadell\/wp-json\/wp\/v2\/posts\/5240","targetHints":{"allow":["GET"]}}],"collection":[{"href":"https:\/\/agora.xtec.cat\/ceip-catalunya-sabadell\/wp-json\/wp\/v2\/posts"}],"about":[{"href":"https:\/\/agora.xtec.cat\/ceip-catalunya-sabadell\/wp-json\/wp\/v2\/types\/post"}],"author":[{"embeddable":true,"href":"https:\/\/agora.xtec.cat\/ceip-catalunya-sabadell\/wp-json\/wp\/v2\/users\/3"}],"replies":[{"embeddable":true,"href":"https:\/\/agora.xtec.cat\/ceip-catalunya-sabadell\/wp-json\/wp\/v2\/comments?post=5240"}],"version-history":[{"count":6,"href":"https:\/\/agora.xtec.cat\/ceip-catalunya-sabadell\/wp-json\/wp\/v2\/posts\/5240\/revisions"}],"predecessor-version":[{"id":5249,"href":"https:\/\/agora.xtec.cat\/ceip-catalunya-sabadell\/wp-json\/wp\/v2\/posts\/5240\/revisions\/5249"}],"wp:attachment":[{"href":"https:\/\/agora.xtec.cat\/ceip-catalunya-sabadell\/wp-json\/wp\/v2\/media?parent=5240"}],"wp:term":[{"taxonomy":"category","embeddable":true,"href":"https:\/\/agora.xtec.cat\/ceip-catalunya-sabadell\/wp-json\/wp\/v2\/categories?post=5240"},{"taxonomy":"post_tag","embeddable":true,"href":"https:\/\/agora.xtec.cat\/ceip-catalunya-sabadell\/wp-json\/wp\/v2\/tags?post=5240"}],"curies":[{"name":"wp","href":"https:\/\/api.w.org\/{rel}","templated":true}]}}