{"id":5231,"date":"2025-03-07T12:24:57","date_gmt":"2025-03-07T11:24:57","guid":{"rendered":"https:\/\/agora.xtec.cat\/ceip-catalunya-sabadell\/?p=5231"},"modified":"2025-03-07T12:27:14","modified_gmt":"2025-03-07T11:27:14","slug":"dia-internacional-de-la-llengua-materna-2","status":"publish","type":"post","link":"https:\/\/agora.xtec.cat\/ceip-catalunya-sabadell\/portada\/dia-internacional-de-la-llengua-materna-2\/","title":{"rendered":"DIA INTERNACIONAL DE LA LLENGUA MATERNA"},"content":{"rendered":"\n<p>El passat divendres, 21 de febrer, vam celebrar a la nostra escola el \u201cDia Internacional de la Llengua Materna\u201d. \u00c9s una celebraci\u00f3 anual que es porta a terme des del febrer del 2000, restablerta per la UNESCO en 1999. Com a iniciativa col.lectiva t\u00e9 com a objectiu la preservaci\u00f3 i la protecci\u00f3 de totes les<br>lleng\u00fces utilitzades per tots els \u201cpobles del m\u00f3n\u201d, fomentant el respecte i la diversitat ling\u00fc\u00edstica com a base per construir societats inclusives.<br>Nosaltres com a centre, des dels nostres \u201cmenuts\u201d fins als \u201calumnes m\u00e9s grans\u201d, hem volgut retre un homenatge al pluriling\u00fcisme d\u2019aquesta comunitat educativa que per ser la nostra t\u00e9 un valor molt especial. Ens complau poder aportar una petjada de la mostra que els alumnes, les fam\u00edlies, els mestres i els companys ens han deixat amb paraules i boniques expressions. S\u00f3n petits tresors en les lleng\u00fces natives i tamb\u00e9 en algunes de les seves variants dialectals, que sense cap dubte, els seus parlants senten com a pr\u00f2pies.<br>Tot mirant les imatges, podreu veure la diversitat ling\u00fc\u00edstica de la nostra escola i alguns dels seus exemples.<\/p>\n\n\n\n<p><\/p>\n\n\n\n<p>Equip LIC<\/p>\n\n\n\n<p><br><\/p>\n\n\n\n<figure class=\"wp-block-image size-large\"><a href=\"https:\/\/agora.xtec.cat\/ceip-catalunya-sabadell\/wp-content\/uploads\/usu823\/2025\/03\/DIA-INTERNACIONAL.jpg\"><img loading=\"lazy\" decoding=\"async\" width=\"724\" height=\"1024\" src=\"https:\/\/agora.xtec.cat\/ceip-catalunya-sabadell\/wp-content\/uploads\/usu823\/2025\/03\/DIA-INTERNACIONAL-724x1024.jpg\" alt=\"\" class=\"wp-image-5233\" srcset=\"https:\/\/agora.xtec.cat\/ceip-catalunya-sabadell\/wp-content\/uploads\/usu823\/2025\/03\/DIA-INTERNACIONAL-724x1024.jpg 724w, https:\/\/agora.xtec.cat\/ceip-catalunya-sabadell\/wp-content\/uploads\/usu823\/2025\/03\/DIA-INTERNACIONAL-212x300.jpg 212w, https:\/\/agora.xtec.cat\/ceip-catalunya-sabadell\/wp-content\/uploads\/usu823\/2025\/03\/DIA-INTERNACIONAL-768x1086.jpg 768w, https:\/\/agora.xtec.cat\/ceip-catalunya-sabadell\/wp-content\/uploads\/usu823\/2025\/03\/DIA-INTERNACIONAL-1086x1536.jpg 1086w, https:\/\/agora.xtec.cat\/ceip-catalunya-sabadell\/wp-content\/uploads\/usu823\/2025\/03\/DIA-INTERNACIONAL-1448x2048.jpg 1448w, https:\/\/agora.xtec.cat\/ceip-catalunya-sabadell\/wp-content\/uploads\/usu823\/2025\/03\/DIA-INTERNACIONAL.jpg 1587w\" sizes=\"auto, (max-width: 724px) 100vw, 724px\" \/><\/a><\/figure>\n\n\n\n<figure class=\"wp-block-image size-large\"><a href=\"https:\/\/agora.xtec.cat\/ceip-catalunya-sabadell\/wp-content\/uploads\/usu823\/2025\/03\/Infantil-scaled.jpg\"><img loading=\"lazy\" decoding=\"async\" width=\"1024\" height=\"595\" src=\"https:\/\/agora.xtec.cat\/ceip-catalunya-sabadell\/wp-content\/uploads\/usu823\/2025\/03\/Infantil-1024x595.jpg\" alt=\"\" class=\"wp-image-5232\" srcset=\"https:\/\/agora.xtec.cat\/ceip-catalunya-sabadell\/wp-content\/uploads\/usu823\/2025\/03\/Infantil-1024x595.jpg 1024w, https:\/\/agora.xtec.cat\/ceip-catalunya-sabadell\/wp-content\/uploads\/usu823\/2025\/03\/Infantil-300x174.jpg 300w, https:\/\/agora.xtec.cat\/ceip-catalunya-sabadell\/wp-content\/uploads\/usu823\/2025\/03\/Infantil-768x447.jpg 768w, https:\/\/agora.xtec.cat\/ceip-catalunya-sabadell\/wp-content\/uploads\/usu823\/2025\/03\/Infantil-1536x893.jpg 1536w, https:\/\/agora.xtec.cat\/ceip-catalunya-sabadell\/wp-content\/uploads\/usu823\/2025\/03\/Infantil-2048x1191.jpg 2048w\" sizes=\"auto, (max-width: 1024px) 100vw, 1024px\" \/><\/a><\/figure>\n\n\n\n<figure class=\"wp-block-image size-large\"><a href=\"https:\/\/agora.xtec.cat\/ceip-catalunya-sabadell\/wp-content\/uploads\/usu823\/2025\/03\/Primaria-scaled.jpg\"><img loading=\"lazy\" decoding=\"async\" width=\"1024\" height=\"647\" src=\"https:\/\/agora.xtec.cat\/ceip-catalunya-sabadell\/wp-content\/uploads\/usu823\/2025\/03\/Primaria-1024x647.jpg\" alt=\"\" class=\"wp-image-5230\" srcset=\"https:\/\/agora.xtec.cat\/ceip-catalunya-sabadell\/wp-content\/uploads\/usu823\/2025\/03\/Primaria-1024x647.jpg 1024w, https:\/\/agora.xtec.cat\/ceip-catalunya-sabadell\/wp-content\/uploads\/usu823\/2025\/03\/Primaria-300x190.jpg 300w, https:\/\/agora.xtec.cat\/ceip-catalunya-sabadell\/wp-content\/uploads\/usu823\/2025\/03\/Primaria-768x486.jpg 768w, https:\/\/agora.xtec.cat\/ceip-catalunya-sabadell\/wp-content\/uploads\/usu823\/2025\/03\/Primaria-1536x971.jpg 1536w, https:\/\/agora.xtec.cat\/ceip-catalunya-sabadell\/wp-content\/uploads\/usu823\/2025\/03\/Primaria-2048x1295.jpg 2048w\" sizes=\"auto, (max-width: 1024px) 100vw, 1024px\" \/><\/a><\/figure>\n\n\n\n<p>Equip LIC<\/p>\n","protected":false},"excerpt":{"rendered":"<p>El passat divendres, 21 de febrer, vam celebrar a la nostra escola el \u201cDia Internacional de la Llengua Materna\u201d. \u00c9s una celebraci\u00f3 anual que es porta a terme des del febrer del 2000, restablerta per la UNESCO en 1999. Com a iniciativa col.lectiva t\u00e9 com&hellip;  <a href=\"https:\/\/agora.xtec.cat\/ceip-catalunya-sabadell\/portada\/dia-internacional-de-la-llengua-materna-2\/\" title=\"Read DIA INTERNACIONAL DE LA LLENGUA MATERNA\">Llegeix m\u00e9s\u00bb<\/a><\/p>\n","protected":false},"author":3,"featured_media":0,"comment_status":"open","ping_status":"open","sticky":false,"template":"","format":"standard","meta":{"_bbp_topic_count":0,"_bbp_reply_count":0,"_bbp_total_topic_count":0,"_bbp_total_reply_count":0,"_bbp_voice_count":0,"_bbp_anonymous_reply_count":0,"_bbp_topic_count_hidden":0,"_bbp_reply_count_hidden":0,"_bbp_forum_subforum_count":0,"footnotes":""},"categories":[142,4],"tags":[],"class_list":["post-5231","post","type-post","status-publish","format-standard","hentry","category-aula-acollida","category-portada"],"post_mailing_queue_ids":[],"_links":{"self":[{"href":"https:\/\/agora.xtec.cat\/ceip-catalunya-sabadell\/wp-json\/wp\/v2\/posts\/5231","targetHints":{"allow":["GET"]}}],"collection":[{"href":"https:\/\/agora.xtec.cat\/ceip-catalunya-sabadell\/wp-json\/wp\/v2\/posts"}],"about":[{"href":"https:\/\/agora.xtec.cat\/ceip-catalunya-sabadell\/wp-json\/wp\/v2\/types\/post"}],"author":[{"embeddable":true,"href":"https:\/\/agora.xtec.cat\/ceip-catalunya-sabadell\/wp-json\/wp\/v2\/users\/3"}],"replies":[{"embeddable":true,"href":"https:\/\/agora.xtec.cat\/ceip-catalunya-sabadell\/wp-json\/wp\/v2\/comments?post=5231"}],"version-history":[{"count":3,"href":"https:\/\/agora.xtec.cat\/ceip-catalunya-sabadell\/wp-json\/wp\/v2\/posts\/5231\/revisions"}],"predecessor-version":[{"id":5237,"href":"https:\/\/agora.xtec.cat\/ceip-catalunya-sabadell\/wp-json\/wp\/v2\/posts\/5231\/revisions\/5237"}],"wp:attachment":[{"href":"https:\/\/agora.xtec.cat\/ceip-catalunya-sabadell\/wp-json\/wp\/v2\/media?parent=5231"}],"wp:term":[{"taxonomy":"category","embeddable":true,"href":"https:\/\/agora.xtec.cat\/ceip-catalunya-sabadell\/wp-json\/wp\/v2\/categories?post=5231"},{"taxonomy":"post_tag","embeddable":true,"href":"https:\/\/agora.xtec.cat\/ceip-catalunya-sabadell\/wp-json\/wp\/v2\/tags?post=5231"}],"curies":[{"name":"wp","href":"https:\/\/api.w.org\/{rel}","templated":true}]}}