{"id":5226,"date":"2025-03-06T09:48:02","date_gmt":"2025-03-06T08:48:02","guid":{"rendered":"https:\/\/agora.xtec.cat\/ceip-catalunya-sabadell\/?p=5226"},"modified":"2025-03-06T09:48:03","modified_gmt":"2025-03-06T08:48:03","slug":"els-pastorets-6","status":"publish","type":"post","link":"https:\/\/agora.xtec.cat\/ceip-catalunya-sabadell\/portada\/els-pastorets-6\/","title":{"rendered":"ELS PASTORETS"},"content":{"rendered":"\n<p>Despr\u00e9s d&#8217;un gran treball audiovisual i professional, tenim en prim\u00edcia l&#8217;estrena de l&#8217;obra &#8220;Els Pastorets&#8221;, interpretada per l&#8217;alumnat de 6\u00e8 el passat 19 de desembre. <\/p>\n\n\n\n<p>Volem fer esment i un gran agra\u00efment al Rub\u00e9n, un pare de l&#8217;escola que ens ha filmat, editat i realitzat aquest v\u00eddeo tan magn\u00edfic i emotiu que ser\u00e0 un bonic record per a tots i totes. <\/p>\n\n\n\n<p>Clicant la imatge trobareu el v\u00eddeo sencer i sense interrupcions ni anuncis de &#8220;Els Pastorets&#8221;:<\/p>\n\n\n\n<figure class=\"wp-block-image size-full\"><a href=\"https:\/\/drive.google.com\/file\/d\/1wg4j77POotUSB-sdIaGGxnCs5RvmENzw\/view?usp=sharing\"><img loading=\"lazy\" decoding=\"async\" width=\"502\" height=\"710\" src=\"https:\/\/agora.xtec.cat\/ceip-catalunya-sabadell\/wp-content\/uploads\/usu823\/2025\/03\/pastorets.jpg\" alt=\"\" class=\"wp-image-5227\" srcset=\"https:\/\/agora.xtec.cat\/ceip-catalunya-sabadell\/wp-content\/uploads\/usu823\/2025\/03\/pastorets.jpg 502w, https:\/\/agora.xtec.cat\/ceip-catalunya-sabadell\/wp-content\/uploads\/usu823\/2025\/03\/pastorets-212x300.jpg 212w\" sizes=\"auto, (max-width: 502px) 100vw, 502px\" \/><\/a><\/figure>\n\n\n\n<p><\/p>\n","protected":false},"excerpt":{"rendered":"<p>Despr\u00e9s d&#8217;un gran treball audiovisual i professional, tenim en prim\u00edcia l&#8217;estrena de l&#8217;obra &#8220;Els Pastorets&#8221;, interpretada per l&#8217;alumnat de 6\u00e8 el passat 19 de desembre. <\/p>\n<p>Volem fer esment i un gran agra\u00efment al Rub\u00e9n, un pare de l&#8217;escola que ens ha filmat, editat i realitzat&hellip;  <a href=\"https:\/\/agora.xtec.cat\/ceip-catalunya-sabadell\/portada\/els-pastorets-6\/\" title=\"Read ELS PASTORETS\">Llegeix m\u00e9s\u00bb<\/a><\/p>\n","protected":false},"author":3,"featured_media":0,"comment_status":"open","ping_status":"open","sticky":false,"template":"","format":"standard","meta":{"_bbp_topic_count":0,"_bbp_reply_count":0,"_bbp_total_topic_count":0,"_bbp_total_reply_count":0,"_bbp_voice_count":0,"_bbp_anonymous_reply_count":0,"_bbp_topic_count_hidden":0,"_bbp_reply_count_hidden":0,"_bbp_forum_subforum_count":0,"footnotes":""},"categories":[15,4,37],"tags":[],"class_list":["post-5226","post","type-post","status-publish","format-standard","hentry","category-6e","category-portada","category-teatre"],"post_mailing_queue_ids":[],"_links":{"self":[{"href":"https:\/\/agora.xtec.cat\/ceip-catalunya-sabadell\/wp-json\/wp\/v2\/posts\/5226","targetHints":{"allow":["GET"]}}],"collection":[{"href":"https:\/\/agora.xtec.cat\/ceip-catalunya-sabadell\/wp-json\/wp\/v2\/posts"}],"about":[{"href":"https:\/\/agora.xtec.cat\/ceip-catalunya-sabadell\/wp-json\/wp\/v2\/types\/post"}],"author":[{"embeddable":true,"href":"https:\/\/agora.xtec.cat\/ceip-catalunya-sabadell\/wp-json\/wp\/v2\/users\/3"}],"replies":[{"embeddable":true,"href":"https:\/\/agora.xtec.cat\/ceip-catalunya-sabadell\/wp-json\/wp\/v2\/comments?post=5226"}],"version-history":[{"count":1,"href":"https:\/\/agora.xtec.cat\/ceip-catalunya-sabadell\/wp-json\/wp\/v2\/posts\/5226\/revisions"}],"predecessor-version":[{"id":5228,"href":"https:\/\/agora.xtec.cat\/ceip-catalunya-sabadell\/wp-json\/wp\/v2\/posts\/5226\/revisions\/5228"}],"wp:attachment":[{"href":"https:\/\/agora.xtec.cat\/ceip-catalunya-sabadell\/wp-json\/wp\/v2\/media?parent=5226"}],"wp:term":[{"taxonomy":"category","embeddable":true,"href":"https:\/\/agora.xtec.cat\/ceip-catalunya-sabadell\/wp-json\/wp\/v2\/categories?post=5226"},{"taxonomy":"post_tag","embeddable":true,"href":"https:\/\/agora.xtec.cat\/ceip-catalunya-sabadell\/wp-json\/wp\/v2\/tags?post=5226"}],"curies":[{"name":"wp","href":"https:\/\/api.w.org\/{rel}","templated":true}]}}