{"id":5211,"date":"2025-02-03T11:29:46","date_gmt":"2025-02-03T10:29:46","guid":{"rendered":"https:\/\/agora.xtec.cat\/ceip-catalunya-sabadell\/?p=5211"},"modified":"2025-10-23T16:22:03","modified_gmt":"2025-10-23T14:22:03","slug":"preinscripcio-2025-2026","status":"publish","type":"post","link":"https:\/\/agora.xtec.cat\/ceip-catalunya-sabadell\/general\/preinscripcio-2025-2026\/","title":{"rendered":"PREINSCRIPCI\u00d3 2025-2026"},"content":{"rendered":"<p><a href=\"https:\/\/preinscripcio.gencat.cat\/ca\/estudis\/infantil-3-6\/informat\/calendari\/index.html\"><img loading=\"lazy\" decoding=\"async\" class=\"alignnone wp-image-5212 size-full\" src=\"https:\/\/agora.xtec.cat\/ceip-catalunya-sabadell\/wp-content\/uploads\/usu823\/2025\/01\/preinscripcio-dates-1.png\" alt=\"\" width=\"839\" height=\"463\" srcset=\"https:\/\/agora.xtec.cat\/ceip-catalunya-sabadell\/wp-content\/uploads\/usu823\/2025\/01\/preinscripcio-dates-1.png 839w, https:\/\/agora.xtec.cat\/ceip-catalunya-sabadell\/wp-content\/uploads\/usu823\/2025\/01\/preinscripcio-dates-1-300x166.png 300w, https:\/\/agora.xtec.cat\/ceip-catalunya-sabadell\/wp-content\/uploads\/usu823\/2025\/01\/preinscripcio-dates-1-768x424.png 768w\" sizes=\"auto, (max-width: 839px) 100vw, 839px\" \/><\/a><\/p>\n<p><img loading=\"lazy\" decoding=\"async\" class=\"alignnone wp-image-4460 \" src=\"https:\/\/agora.xtec.cat\/ceip-catalunya-sabadell\/wp-content\/uploads\/usu823\/2022\/03\/NOVETAT-150x150.png\" alt=\"\" width=\"51\" height=\"51\" srcset=\"https:\/\/agora.xtec.cat\/ceip-catalunya-sabadell\/wp-content\/uploads\/usu823\/2022\/03\/NOVETAT-150x150.png 150w, https:\/\/agora.xtec.cat\/ceip-catalunya-sabadell\/wp-content\/uploads\/usu823\/2022\/03\/NOVETAT.png 227w\" sizes=\"auto, (max-width: 51px) 100vw, 51px\" \/>Alumnes assignats al centre amb indicaci\u00f3 de la primera petici\u00f3 a 16\/06\/2025 <a href=\"https:\/\/drive.google.com\/file\/d\/110PiQ_pw8q8n2xDxZBJa5pJHr55PP2C5\/view?usp=sharing\">ENLLA\u00c7<\/a><\/p>\n<p>Llista d&#8217;espera <a href=\"https:\/\/drive.google.com\/file\/d\/10O66yY4ZzEH0phONaDcr4xWNmICKupAV\/view?usp=drive_link\">ENLLA\u00c7<\/a><\/p>\n<p>Publicaci\u00f3 de la llista de sol\u00b7licituds que han demanat el centre i l&#8217;ensenyament en primera<br \/>\npetici\u00f3 ordenada a 09\/05\/2025 <a href=\"https:\/\/drive.google.com\/file\/d\/12jW73vK04WyaC-DLS9jnLO1xNAR0zW0A\/view?usp=sharing\">ENLLA\u00c7<\/a><\/p>\n<p>N\u00famero de sorteig:\u00a0<strong>76261<\/strong>, el n\u00famero de desempat per a la preinscripci\u00f3 a infantil (I3, I4 i I5), prim\u00e0ria i ESO<\/p>\n<p>Llistat de sol\u00b7licituds que han demanat el centre i l&#8217;ensenyament en primera petici\u00f3 amb la puntuaci\u00f3 resoltes les reclamacions a 05\/05\/2025: <a href=\"https:\/\/drive.google.com\/file\/d\/1iHE-KA8CQt3Qrzyj5NrD8BSCNipODPLw\/view?usp=sharing\">ENLLA\u00c7<\/a><\/p>\n<p>Llista de sol\u00b7licituds que han demanat el centre i l&#8217;ensenyament en primera petici\u00f3 amb la puntuaci\u00f3 provisional\u201d: <a href=\"https:\/\/drive.google.com\/file\/d\/1zc2CAmiyHw4oivenKpfmSVD931zgFrtO\/view?usp=sharing\">ENLLA\u00c7<\/a><\/p>\n<p>Les fam\u00edlies tamb\u00e9 podeu accedir a la consulta individual, accedint a <a href=\"https:\/\/preinscripcio.gencat.cat\/ca\/estudis\/primaria\/preinscriute\/seguiment-sollicitud\/llista-sollicituds-puntuacio\/\">Consulta la llista de sol\u00b7licituds amb la puntuaci\u00f3 provisional<\/a>, amb el DNI, NIE o passaport de la persona que va presentar la sol\u00b7licitud i el seu codi, a la web preinscripcio.gencat.cat.<\/p>\n<p>Consulta l&#8217;oferta inicial de places: <a href=\"https:\/\/drive.google.com\/file\/d\/1lae0IGiWI6s3xz9awPQjimJMU1TtGYIj\/view?usp=sharing\">ENLLA\u00c7<\/a><\/p>\n<p>Preinscripci\u00f3: del 12 al 26 de mar\u00e7. Clicant aqu\u00ed: <a href=\"https:\/\/preinscripcio.gencat.cat\/ca\/estudis\/infantil-3-6\/preinscriute\/sollicitud\/\">ENLLA\u00c7<\/a><\/p>\n<p>Centres amb puntuaci\u00f3 per proximitat:\u00a0<a href=\"https:\/\/web.sabadell.cat\/cercador-educacio-infantil-i-primaria\/index.php?option=com_content&amp;view=article&amp;layout=edit&amp;id=56276\">ENLLA\u00c7<\/a><\/p>\n<p>Portes obertes: 20 de febrer a les 15.00h. Pel bon funcionament de la visita, us demanem que vingueu sense els infants.<\/p>\n<p>Cal fer inscripci\u00f3 pr\u00e8via, clicant a l&#8217;enlla\u00e7:\u00a0<a href=\"https:\/\/docs.google.com\/forms\/d\/e\/1FAIpQLSfGrXyN33c9F_tPGOgeP_wX_tvk0xErVs00z2K1Wj4n0fjfAg\/viewform?usp=header\">https:\/\/docs.google.com\/forms\/d\/e\/1FAIpQLSfGrXyN33c9F_tPGOgeP_wX_tvk0xErVs00z2K1Wj4n0fjfAg\/viewform?usp=header<\/a><\/p>\n<p>M\u00e9s informaci\u00f3: <a href=\"https:\/\/preinscripcio.gencat.cat\/ca\/estudis\/infantil-3-6\/informat\/calendari\/index.html\">https:\/\/preinscripcio.gencat.cat\/ca\/estudis\/infantil-3-6\/informat\/calendari\/index.html<\/a><\/p>\n","protected":false},"excerpt":{"rendered":"<p><a href=\"https:\/\/preinscripcio.gencat.cat\/ca\/estudis\/infantil-3-6\/informat\/calendari\/index.html\"><\/a><br \/>\nAlumnes assignats al centre amb indicaci\u00f3 de la primera petici\u00f3 a 16\/06\/2025 <a href=\"https:\/\/drive.google.com\/file\/d\/110PiQ_pw8q8n2xDxZBJa5pJHr55PP2C5\/view?usp=sharing\">ENLLA\u00c7<\/a><br \/>\nLlista d&#8217;espera <a href=\"https:\/\/drive.google.com\/file\/d\/10O66yY4ZzEH0phONaDcr4xWNmICKupAV\/view?usp=drive_link\">ENLLA\u00c7<\/a><br \/>\nPublicaci\u00f3 de la llista de sol\u00b7licituds que han demanat el centre i l&#8217;ensenyament en primera<br \/>\npetici\u00f3 ordenada a 09\/05\/2025 <a href=\"https:\/\/drive.google.com\/file\/d\/12jW73vK04WyaC-DLS9jnLO1xNAR0zW0A\/view?usp=sharing\">ENLLA\u00c7<\/a><br \/>\nN\u00famero de sorteig:\u00a076261, el n\u00famero de desempat per a&hellip;  <a href=\"https:\/\/agora.xtec.cat\/ceip-catalunya-sabadell\/general\/preinscripcio-2025-2026\/\" title=\"Read PREINSCRIPCI\u00d3 2025-2026\">Llegeix m\u00e9s\u00bb<\/a><\/p>\n","protected":false},"author":3,"featured_media":0,"comment_status":"open","ping_status":"closed","sticky":false,"template":"","format":"standard","meta":{"_bbp_topic_count":0,"_bbp_reply_count":0,"_bbp_total_topic_count":0,"_bbp_total_reply_count":0,"_bbp_voice_count":0,"_bbp_anonymous_reply_count":0,"_bbp_topic_count_hidden":0,"_bbp_reply_count_hidden":0,"_bbp_forum_subforum_count":0,"footnotes":""},"categories":[1,4,123],"tags":[],"class_list":["post-5211","post","type-post","status-publish","format-standard","hentry","category-general","category-portada","category-preinscripcio-i-matricula"],"post_mailing_queue_ids":[],"_links":{"self":[{"href":"https:\/\/agora.xtec.cat\/ceip-catalunya-sabadell\/wp-json\/wp\/v2\/posts\/5211","targetHints":{"allow":["GET"]}}],"collection":[{"href":"https:\/\/agora.xtec.cat\/ceip-catalunya-sabadell\/wp-json\/wp\/v2\/posts"}],"about":[{"href":"https:\/\/agora.xtec.cat\/ceip-catalunya-sabadell\/wp-json\/wp\/v2\/types\/post"}],"author":[{"embeddable":true,"href":"https:\/\/agora.xtec.cat\/ceip-catalunya-sabadell\/wp-json\/wp\/v2\/users\/3"}],"replies":[{"embeddable":true,"href":"https:\/\/agora.xtec.cat\/ceip-catalunya-sabadell\/wp-json\/wp\/v2\/comments?post=5211"}],"version-history":[{"count":5,"href":"https:\/\/agora.xtec.cat\/ceip-catalunya-sabadell\/wp-json\/wp\/v2\/posts\/5211\/revisions"}],"predecessor-version":[{"id":5311,"href":"https:\/\/agora.xtec.cat\/ceip-catalunya-sabadell\/wp-json\/wp\/v2\/posts\/5211\/revisions\/5311"}],"wp:attachment":[{"href":"https:\/\/agora.xtec.cat\/ceip-catalunya-sabadell\/wp-json\/wp\/v2\/media?parent=5211"}],"wp:term":[{"taxonomy":"category","embeddable":true,"href":"https:\/\/agora.xtec.cat\/ceip-catalunya-sabadell\/wp-json\/wp\/v2\/categories?post=5211"},{"taxonomy":"post_tag","embeddable":true,"href":"https:\/\/agora.xtec.cat\/ceip-catalunya-sabadell\/wp-json\/wp\/v2\/tags?post=5211"}],"curies":[{"name":"wp","href":"https:\/\/api.w.org\/{rel}","templated":true}]}}