{"id":5111,"date":"2024-06-14T12:35:39","date_gmt":"2024-06-14T10:35:39","guid":{"rendered":"https:\/\/agora.xtec.cat\/ceip-catalunya-sabadell\/?p=5111"},"modified":"2024-06-14T12:35:39","modified_gmt":"2024-06-14T10:35:39","slug":"43a-edicio-concurs-joan-oliver","status":"publish","type":"post","link":"https:\/\/agora.xtec.cat\/ceip-catalunya-sabadell\/general\/43a-edicio-concurs-joan-oliver\/","title":{"rendered":"43a Edici\u00f3 concurs Joan Oliver"},"content":{"rendered":"<p>Dins del projecte dels Jocs Florals de l&#8217;escola, de manera volunt\u00e0ria un grup de l&#8217;alumnat de sis\u00e8 es va presentar al concurs literari de la nostra ciutat, el concurs Joan Oliver. Ens plau comunicar a tota la comunitat educativa de l&#8217;escola que un alumne de sis\u00e8 ha rebut el primer premi de la categoria A en la modalitat de prosa, amb la seva producci\u00f3: &#8220;Mark cap al cam\u00ed de la saviesa&#8221;<\/p>\n<p>Si voleu veure l&#8217;article complet redactat per l&#8217;ajuntament, nom\u00e9s cal que cliqueu a la foto:<\/p>\n<p>&nbsp;<\/p>\n<p><a href=\"https:\/\/web.sabadell.cat\/actualitat\/notis\/item\/el-concurs-joan-oliver-pere-quart-lliura-avui-els-guardons-de-la-43a-edicio-a-la-qual-s-han-presentat-156-propostes\"><img loading=\"lazy\" decoding=\"async\" class=\"aligncenter wp-image-5112 size-full\" src=\"https:\/\/agora.xtec.cat\/ceip-catalunya-sabadell\/wp-content\/uploads\/usu823\/2024\/06\/Marc.png\" alt=\"\" width=\"741\" height=\"376\" srcset=\"https:\/\/agora.xtec.cat\/ceip-catalunya-sabadell\/wp-content\/uploads\/usu823\/2024\/06\/Marc.png 741w, https:\/\/agora.xtec.cat\/ceip-catalunya-sabadell\/wp-content\/uploads\/usu823\/2024\/06\/Marc-300x152.png 300w\" sizes=\"auto, (max-width: 741px) 100vw, 741px\" \/><\/a><\/p>\n","protected":false},"excerpt":{"rendered":"<p>Dins del projecte dels Jocs Florals de l&#8217;escola, de manera volunt\u00e0ria un grup de l&#8217;alumnat de sis\u00e8 es va presentar al concurs literari de la nostra ciutat, el concurs Joan Oliver. Ens plau comunicar a tota la comunitat educativa de l&#8217;escola que un alumne de&hellip;  <a href=\"https:\/\/agora.xtec.cat\/ceip-catalunya-sabadell\/general\/43a-edicio-concurs-joan-oliver\/\" title=\"Read 43a Edici\u00f3 concurs Joan Oliver\">Llegeix m\u00e9s\u00bb<\/a><\/p>\n","protected":false},"author":22,"featured_media":0,"comment_status":"open","ping_status":"closed","sticky":false,"template":"","format":"standard","meta":{"_bbp_topic_count":0,"_bbp_reply_count":0,"_bbp_total_topic_count":0,"_bbp_total_reply_count":0,"_bbp_voice_count":0,"_bbp_anonymous_reply_count":0,"_bbp_topic_count_hidden":0,"_bbp_reply_count_hidden":0,"_bbp_forum_subforum_count":0,"footnotes":""},"categories":[15,1,4,5],"tags":[],"class_list":["post-5111","post","type-post","status-publish","format-standard","hentry","category-6e","category-general","category-portada","category-primaria"],"post_mailing_queue_ids":[],"_links":{"self":[{"href":"https:\/\/agora.xtec.cat\/ceip-catalunya-sabadell\/wp-json\/wp\/v2\/posts\/5111","targetHints":{"allow":["GET"]}}],"collection":[{"href":"https:\/\/agora.xtec.cat\/ceip-catalunya-sabadell\/wp-json\/wp\/v2\/posts"}],"about":[{"href":"https:\/\/agora.xtec.cat\/ceip-catalunya-sabadell\/wp-json\/wp\/v2\/types\/post"}],"author":[{"embeddable":true,"href":"https:\/\/agora.xtec.cat\/ceip-catalunya-sabadell\/wp-json\/wp\/v2\/users\/22"}],"replies":[{"embeddable":true,"href":"https:\/\/agora.xtec.cat\/ceip-catalunya-sabadell\/wp-json\/wp\/v2\/comments?post=5111"}],"version-history":[{"count":1,"href":"https:\/\/agora.xtec.cat\/ceip-catalunya-sabadell\/wp-json\/wp\/v2\/posts\/5111\/revisions"}],"predecessor-version":[{"id":5113,"href":"https:\/\/agora.xtec.cat\/ceip-catalunya-sabadell\/wp-json\/wp\/v2\/posts\/5111\/revisions\/5113"}],"wp:attachment":[{"href":"https:\/\/agora.xtec.cat\/ceip-catalunya-sabadell\/wp-json\/wp\/v2\/media?parent=5111"}],"wp:term":[{"taxonomy":"category","embeddable":true,"href":"https:\/\/agora.xtec.cat\/ceip-catalunya-sabadell\/wp-json\/wp\/v2\/categories?post=5111"},{"taxonomy":"post_tag","embeddable":true,"href":"https:\/\/agora.xtec.cat\/ceip-catalunya-sabadell\/wp-json\/wp\/v2\/tags?post=5111"}],"curies":[{"name":"wp","href":"https:\/\/api.w.org\/{rel}","templated":true}]}}