{"id":5109,"date":"2024-06-13T08:45:27","date_gmt":"2024-06-13T06:45:27","guid":{"rendered":"https:\/\/agora.xtec.cat\/ceip-catalunya-sabadell\/?p=5109"},"modified":"2024-06-13T08:45:27","modified_gmt":"2024-06-13T06:45:27","slug":"a-3r-estrenem-els-ukeleles","status":"publish","type":"post","link":"https:\/\/agora.xtec.cat\/ceip-catalunya-sabadell\/portada\/a-3r-estrenem-els-ukeleles\/","title":{"rendered":"A 3r, estrenem els UKELELES!"},"content":{"rendered":"<p>Els alumnes de tercer aquest curs han comen\u00e7at a aprendre a tocar l&#8217;ukelele i ara que ja en saben una miqueta, han creat un rond\u00f3 amb diversos instruments: ukeleles, instruments de percussi\u00f3 i xil\u00f2fons!<\/p>\n<div>Han gaudit molt del proc\u00e9s i per aix\u00f2 compartim amb vosaltres les seves creacions!<\/p>\n<div>\n<div>\n<div class=\"gmail_signature\" dir=\"ltr\" data-smartmail=\"gmail_signature\">\n<div dir=\"ltr\"><a href=\"https:\/\/drive.google.com\/file\/d\/1P5ySI0IqY6mOvNz8O9QD-kco8KdMPfZR\/view?usp=sharing\" target=\"_blank\" rel=\"noopener\" data-saferedirecturl=\"https:\/\/www.google.com\/url?q=https:\/\/drive.google.com\/file\/d\/1P5ySI0IqY6mOvNz8O9QD-kco8KdMPfZR\/view?usp%3Dsharing&amp;source=gmail&amp;ust=1718347177941000&amp;usg=AOvVaw32I5sjONcsyOa6L0cqSxcg\">https:\/\/drive.google.com\/file\/<wbr \/>d\/1P5ySI0IqY6mOvNz8O9QD-<wbr \/>kco8KdMPfZR\/view?usp=sharing<\/a><\/p>\n<div class=\"yj6qo\"><\/div>\n<div class=\"adL\"><\/div>\n<\/div>\n<\/div>\n<\/div>\n<\/div>\n<\/div>\n","protected":false},"excerpt":{"rendered":"<p>Els alumnes de tercer aquest curs han comen\u00e7at a aprendre a tocar l&#8217;ukelele i ara que ja en saben una miqueta, han creat un rond\u00f3 amb diversos instruments: ukeleles, instruments de percussi\u00f3 i xil\u00f2fons!<br \/>\nHan gaudit molt del proc\u00e9s i per aix\u00f2 compartim amb vosaltres les&hellip;  <a href=\"https:\/\/agora.xtec.cat\/ceip-catalunya-sabadell\/portada\/a-3r-estrenem-els-ukeleles\/\" title=\"Read A 3r, estrenem els UKELELES!\">Llegeix m\u00e9s\u00bb<\/a><\/p>\n","protected":false},"author":3,"featured_media":0,"comment_status":"open","ping_status":"closed","sticky":false,"template":"","format":"standard","meta":{"_bbp_topic_count":0,"_bbp_reply_count":0,"_bbp_total_topic_count":0,"_bbp_total_reply_count":0,"_bbp_voice_count":0,"_bbp_anonymous_reply_count":0,"_bbp_topic_count_hidden":0,"_bbp_reply_count_hidden":0,"_bbp_forum_subforum_count":0,"footnotes":""},"categories":[119,44,4],"tags":[],"class_list":["post-5109","post","type-post","status-publish","format-standard","hentry","category-promocio-18-27","category-musica","category-portada"],"post_mailing_queue_ids":[],"_links":{"self":[{"href":"https:\/\/agora.xtec.cat\/ceip-catalunya-sabadell\/wp-json\/wp\/v2\/posts\/5109","targetHints":{"allow":["GET"]}}],"collection":[{"href":"https:\/\/agora.xtec.cat\/ceip-catalunya-sabadell\/wp-json\/wp\/v2\/posts"}],"about":[{"href":"https:\/\/agora.xtec.cat\/ceip-catalunya-sabadell\/wp-json\/wp\/v2\/types\/post"}],"author":[{"embeddable":true,"href":"https:\/\/agora.xtec.cat\/ceip-catalunya-sabadell\/wp-json\/wp\/v2\/users\/3"}],"replies":[{"embeddable":true,"href":"https:\/\/agora.xtec.cat\/ceip-catalunya-sabadell\/wp-json\/wp\/v2\/comments?post=5109"}],"version-history":[{"count":1,"href":"https:\/\/agora.xtec.cat\/ceip-catalunya-sabadell\/wp-json\/wp\/v2\/posts\/5109\/revisions"}],"predecessor-version":[{"id":5110,"href":"https:\/\/agora.xtec.cat\/ceip-catalunya-sabadell\/wp-json\/wp\/v2\/posts\/5109\/revisions\/5110"}],"wp:attachment":[{"href":"https:\/\/agora.xtec.cat\/ceip-catalunya-sabadell\/wp-json\/wp\/v2\/media?parent=5109"}],"wp:term":[{"taxonomy":"category","embeddable":true,"href":"https:\/\/agora.xtec.cat\/ceip-catalunya-sabadell\/wp-json\/wp\/v2\/categories?post=5109"},{"taxonomy":"post_tag","embeddable":true,"href":"https:\/\/agora.xtec.cat\/ceip-catalunya-sabadell\/wp-json\/wp\/v2\/tags?post=5109"}],"curies":[{"name":"wp","href":"https:\/\/api.w.org\/{rel}","templated":true}]}}