{"id":5100,"date":"2024-06-03T11:19:46","date_gmt":"2024-06-03T09:19:46","guid":{"rendered":"https:\/\/agora.xtec.cat\/ceip-catalunya-sabadell\/?p=5100"},"modified":"2024-06-03T11:22:43","modified_gmt":"2024-06-03T09:22:43","slug":"el-petit-princep-3","status":"publish","type":"post","link":"https:\/\/agora.xtec.cat\/ceip-catalunya-sabadell\/portada\/el-petit-princep-3\/","title":{"rendered":"EL PETIT PR\u00cdNCEP"},"content":{"rendered":"<p>Un any m\u00e9s, la m\u00e0gia del Petit Pr\u00edncep ens ha captivat i ens ha fet gaudir d&#8217;aquesta bonica hist\u00f2ria de la m\u00e0 de l&#8217;alumnat de 5\u00e8 que ha fet un gran treball al voltant d&#8217;aquesta obra, interpretant els diferents di\u00e0legs, cantant i ballant les can\u00e7ons del musical, creant decorats i elements escenogr\u00e0fics, aprenent llengua de signes, fent difusi\u00f3 i promoci\u00f3 de l&#8217;obra utilitzant eines digitals, etc.<\/p>\n<p>A trav\u00e9s d&#8217;un viatge per l&#8217;univers, el Petit Pr\u00edncep visita diferents planetes i coneix personatges ben extravagants que l&#8217;ajudaran a descobrir els valors de l&#8217;amistat, l&#8217;empatia, el companyerisme i l&#8217;amor.<\/p>\n<p>L&#8217;obra del Petit Pr\u00edncep ha participat a la <strong>Mostra del Teatre<\/strong> que organitza l&#8217;Ajuntament de Sabadell i s&#8217;ha representat durant els dies 29, 30 i 31 de maig al Centre C\u00edvic de Can Rull. A m\u00e9s a m\u00e9s de l&#8217;alumnat de la nostra escola i les fam\u00edlies de 5\u00e8, l&#8217;alumnat de 1r d&#8217;ESO de l&#8217;Institut Vall\u00e8s i nois i noies de l&#8217;escola Can Rull, tamb\u00e9 han pogut gaudir d&#8217;aquest espectacle.<\/p>\n<p>Moltes felicitats a tot l&#8217;equip de 5\u00e8 per fer realitat un any m\u00e9s, aquesta hist\u00f2ria tan entranyable.<\/p>\n<p>Podreu veure el tr\u00e0iler i el making of de tot el proc\u00e9s clicant al cartell de l&#8217;obra:<\/p>\n<p><a href=\"https:\/\/drive.google.com\/drive\/folders\/10rSrH2T6UDH4QMR_AfPbsmHwD_5nfwyQ?usp=sharing\"><img loading=\"lazy\" decoding=\"async\" class=\"alignnone size-medium wp-image-5101\" src=\"https:\/\/agora.xtec.cat\/ceip-catalunya-sabadell\/wp-content\/uploads\/usu823\/2024\/06\/Cartell-Petit-Princep-1-212x300.jpg\" alt=\"\" width=\"212\" height=\"300\" srcset=\"https:\/\/agora.xtec.cat\/ceip-catalunya-sabadell\/wp-content\/uploads\/usu823\/2024\/06\/Cartell-Petit-Princep-1-212x300.jpg 212w, https:\/\/agora.xtec.cat\/ceip-catalunya-sabadell\/wp-content\/uploads\/usu823\/2024\/06\/Cartell-Petit-Princep-1-724x1024.jpg 724w, https:\/\/agora.xtec.cat\/ceip-catalunya-sabadell\/wp-content\/uploads\/usu823\/2024\/06\/Cartell-Petit-Princep-1-768x1086.jpg 768w, https:\/\/agora.xtec.cat\/ceip-catalunya-sabadell\/wp-content\/uploads\/usu823\/2024\/06\/Cartell-Petit-Princep-1-1086x1536.jpg 1086w, https:\/\/agora.xtec.cat\/ceip-catalunya-sabadell\/wp-content\/uploads\/usu823\/2024\/06\/Cartell-Petit-Princep-1-1448x2048.jpg 1448w, https:\/\/agora.xtec.cat\/ceip-catalunya-sabadell\/wp-content\/uploads\/usu823\/2024\/06\/Cartell-Petit-Princep-1-scaled.jpg 1810w\" sizes=\"auto, (max-width: 212px) 100vw, 212px\" \/><\/a><\/p>\n<p>Per veure els v\u00eddeos i fotografies de les diferents representacions, cliqueu la imatge:<\/p>\n<p><a href=\"https:\/\/drive.google.com\/drive\/folders\/1_E_ct2xCs5BNBRY9d4lVisTFlsMJxaa1?usp=sharing\"><img loading=\"lazy\" decoding=\"async\" class=\"alignnone size-medium wp-image-5102\" src=\"https:\/\/agora.xtec.cat\/ceip-catalunya-sabadell\/wp-content\/uploads\/usu823\/2024\/06\/IMG_1301-300x225.jpg\" alt=\"\" width=\"300\" height=\"225\" srcset=\"https:\/\/agora.xtec.cat\/ceip-catalunya-sabadell\/wp-content\/uploads\/usu823\/2024\/06\/IMG_1301-300x225.jpg 300w, https:\/\/agora.xtec.cat\/ceip-catalunya-sabadell\/wp-content\/uploads\/usu823\/2024\/06\/IMG_1301-1024x768.jpg 1024w, https:\/\/agora.xtec.cat\/ceip-catalunya-sabadell\/wp-content\/uploads\/usu823\/2024\/06\/IMG_1301-768x576.jpg 768w, https:\/\/agora.xtec.cat\/ceip-catalunya-sabadell\/wp-content\/uploads\/usu823\/2024\/06\/IMG_1301-1536x1152.jpg 1536w, https:\/\/agora.xtec.cat\/ceip-catalunya-sabadell\/wp-content\/uploads\/usu823\/2024\/06\/IMG_1301-2048x1536.jpg 2048w, https:\/\/agora.xtec.cat\/ceip-catalunya-sabadell\/wp-content\/uploads\/usu823\/2024\/06\/IMG_1301-200x150.jpg 200w\" sizes=\"auto, (max-width: 300px) 100vw, 300px\" \/><\/a><\/p>\n<p>Amb la col\u00b7laboraci\u00f3 de l&#8217;Ajuntament De Sabadell <img loading=\"lazy\" decoding=\"async\" class=\"alignnone  wp-image-4910\" src=\"https:\/\/agora.xtec.cat\/ceip-catalunya-sabadell\/wp-content\/uploads\/usu823\/2023\/05\/AJ-gran-300x115.jpg\" alt=\"\" width=\"118\" height=\"45\" srcset=\"https:\/\/agora.xtec.cat\/ceip-catalunya-sabadell\/wp-content\/uploads\/usu823\/2023\/05\/AJ-gran-300x115.jpg 300w, https:\/\/agora.xtec.cat\/ceip-catalunya-sabadell\/wp-content\/uploads\/usu823\/2023\/05\/AJ-gran-1024x394.jpg 1024w, https:\/\/agora.xtec.cat\/ceip-catalunya-sabadell\/wp-content\/uploads\/usu823\/2023\/05\/AJ-gran-768x295.jpg 768w, https:\/\/agora.xtec.cat\/ceip-catalunya-sabadell\/wp-content\/uploads\/usu823\/2023\/05\/AJ-gran-1536x591.jpg 1536w, https:\/\/agora.xtec.cat\/ceip-catalunya-sabadell\/wp-content\/uploads\/usu823\/2023\/05\/AJ-gran.jpg 1573w\" sizes=\"auto, (max-width: 118px) 100vw, 118px\" \/><\/p>\n","protected":false},"excerpt":{"rendered":"<p>Un any m\u00e9s, la m\u00e0gia del Petit Pr\u00edncep ens ha captivat i ens ha fet gaudir d&#8217;aquesta bonica hist\u00f2ria de la m\u00e0 de l&#8217;alumnat de 5\u00e8 que ha fet un gran treball al voltant d&#8217;aquesta obra, interpretant els diferents di\u00e0legs, cantant i ballant les can\u00e7ons&hellip;  <a href=\"https:\/\/agora.xtec.cat\/ceip-catalunya-sabadell\/portada\/el-petit-princep-3\/\" title=\"Read EL PETIT PR\u00cdNCEP\">Llegeix m\u00e9s\u00bb<\/a><\/p>\n","protected":false},"author":3,"featured_media":0,"comment_status":"open","ping_status":"closed","sticky":false,"template":"","format":"standard","meta":{"_bbp_topic_count":0,"_bbp_reply_count":0,"_bbp_total_topic_count":0,"_bbp_total_reply_count":0,"_bbp_voice_count":0,"_bbp_anonymous_reply_count":0,"_bbp_topic_count_hidden":0,"_bbp_reply_count_hidden":0,"_bbp_forum_subforum_count":0,"footnotes":""},"categories":[14,4,37],"tags":[],"class_list":["post-5100","post","type-post","status-publish","format-standard","hentry","category-5e","category-portada","category-teatre"],"post_mailing_queue_ids":[],"_links":{"self":[{"href":"https:\/\/agora.xtec.cat\/ceip-catalunya-sabadell\/wp-json\/wp\/v2\/posts\/5100","targetHints":{"allow":["GET"]}}],"collection":[{"href":"https:\/\/agora.xtec.cat\/ceip-catalunya-sabadell\/wp-json\/wp\/v2\/posts"}],"about":[{"href":"https:\/\/agora.xtec.cat\/ceip-catalunya-sabadell\/wp-json\/wp\/v2\/types\/post"}],"author":[{"embeddable":true,"href":"https:\/\/agora.xtec.cat\/ceip-catalunya-sabadell\/wp-json\/wp\/v2\/users\/3"}],"replies":[{"embeddable":true,"href":"https:\/\/agora.xtec.cat\/ceip-catalunya-sabadell\/wp-json\/wp\/v2\/comments?post=5100"}],"version-history":[{"count":2,"href":"https:\/\/agora.xtec.cat\/ceip-catalunya-sabadell\/wp-json\/wp\/v2\/posts\/5100\/revisions"}],"predecessor-version":[{"id":5104,"href":"https:\/\/agora.xtec.cat\/ceip-catalunya-sabadell\/wp-json\/wp\/v2\/posts\/5100\/revisions\/5104"}],"wp:attachment":[{"href":"https:\/\/agora.xtec.cat\/ceip-catalunya-sabadell\/wp-json\/wp\/v2\/media?parent=5100"}],"wp:term":[{"taxonomy":"category","embeddable":true,"href":"https:\/\/agora.xtec.cat\/ceip-catalunya-sabadell\/wp-json\/wp\/v2\/categories?post=5100"},{"taxonomy":"post_tag","embeddable":true,"href":"https:\/\/agora.xtec.cat\/ceip-catalunya-sabadell\/wp-json\/wp\/v2\/tags?post=5100"}],"curies":[{"name":"wp","href":"https:\/\/api.w.org\/{rel}","templated":true}]}}