{"id":5090,"date":"2024-05-10T10:57:53","date_gmt":"2024-05-10T08:57:53","guid":{"rendered":"https:\/\/agora.xtec.cat\/ceip-catalunya-sabadell\/?p=5090"},"modified":"2024-05-10T10:57:53","modified_gmt":"2024-05-10T08:57:53","slug":"meteorolegs-2n","status":"publish","type":"post","link":"https:\/\/agora.xtec.cat\/ceip-catalunya-sabadell\/portada\/meteorolegs-2n\/","title":{"rendered":"Meteor\u00f2legs 2n"},"content":{"rendered":"<p style=\"text-align: left;\">Benvolgudes fam\u00edlies,<\/p>\n<p style=\"text-align: left;\">L&#8217;alumnat de 2n de Prim\u00e0ria estrena el projecte transversal de teatre <strong>&#8220;Els meteor\u00f2legs&#8221;<\/strong>.<\/p>\n<p style=\"text-align: left;\">Fa mesos que observem el temps diari a l&#8217;aula, aprenent a interpretar els mapes del temps que trobem en aplicacions o en diaris, aix\u00ed com buscant informaci\u00f3 relacionada amb les diferents estacions de l&#8217;any.<\/p>\n<p style=\"text-align: left;\">Enguany hem volgut fer refer\u00e8ncia a la <strong>sequera<\/strong> i com ens pot afectar en les diferents estacions de l&#8217;any. Parlem de com \u00e9s d&#8217;important fer-ne un bon \u00fas de l&#8217;aigua i les conseq\u00fc\u00e8ncies que tenim a cada estaci\u00f3 de l&#8217;any si no podem disposar d&#8217;aquest recurs natural.<\/p>\n<p style=\"text-align: left;\">A m\u00e9s a m\u00e9s, fem connexions des de diferents pa\u00efsos del m\u00f3n tenint en compte la llengua materna del nostre alumnat.<\/p>\n<p style=\"text-align: left;\">Esperem que gaudiu molt, tant com ho hem fet nosaltres buscant informaci\u00f3, compartint coneixements, redactant els di\u00e0legs i interpretant.<\/p>\n<p style=\"text-align: left;\">Podeu accedir al contingut clicant a la imatge que teniu a continuaci\u00f3.<\/p>\n<p><a href=\"https:\/\/drive.google.com\/drive\/folders\/1_Q2anpDs7qIYb4_X3Wrn-ZUfZ3e8f8X2?usp=drive_link\"><img loading=\"lazy\" decoding=\"async\" class=\"alignnone size-medium wp-image-5093\" src=\"https:\/\/agora.xtec.cat\/ceip-catalunya-sabadell\/wp-content\/uploads\/usu823\/2024\/05\/2n-A-212x300.jpg\" alt=\"\" width=\"212\" height=\"300\" srcset=\"https:\/\/agora.xtec.cat\/ceip-catalunya-sabadell\/wp-content\/uploads\/usu823\/2024\/05\/2n-A-212x300.jpg 212w, https:\/\/agora.xtec.cat\/ceip-catalunya-sabadell\/wp-content\/uploads\/usu823\/2024\/05\/2n-A-724x1024.jpg 724w, https:\/\/agora.xtec.cat\/ceip-catalunya-sabadell\/wp-content\/uploads\/usu823\/2024\/05\/2n-A-768x1086.jpg 768w, https:\/\/agora.xtec.cat\/ceip-catalunya-sabadell\/wp-content\/uploads\/usu823\/2024\/05\/2n-A-1086x1536.jpg 1086w, https:\/\/agora.xtec.cat\/ceip-catalunya-sabadell\/wp-content\/uploads\/usu823\/2024\/05\/2n-A.jpg 1414w\" sizes=\"auto, (max-width: 212px) 100vw, 212px\" \/><\/a> <a href=\"https:\/\/agora.xtec.cat\/ceip-catalunya-sabadell\/wp-content\/uploads\/usu823\/2024\/05\/CARTOON.jpg\"><img loading=\"lazy\" decoding=\"async\" class=\"alignnone size-medium wp-image-5094\" src=\"https:\/\/agora.xtec.cat\/ceip-catalunya-sabadell\/wp-content\/uploads\/usu823\/2024\/05\/CARTOON-212x300.jpg\" alt=\"\" width=\"212\" height=\"300\" srcset=\"https:\/\/agora.xtec.cat\/ceip-catalunya-sabadell\/wp-content\/uploads\/usu823\/2024\/05\/CARTOON-212x300.jpg 212w, https:\/\/agora.xtec.cat\/ceip-catalunya-sabadell\/wp-content\/uploads\/usu823\/2024\/05\/CARTOON-724x1024.jpg 724w, https:\/\/agora.xtec.cat\/ceip-catalunya-sabadell\/wp-content\/uploads\/usu823\/2024\/05\/CARTOON-768x1086.jpg 768w, https:\/\/agora.xtec.cat\/ceip-catalunya-sabadell\/wp-content\/uploads\/usu823\/2024\/05\/CARTOON-1086x1536.jpg 1086w, https:\/\/agora.xtec.cat\/ceip-catalunya-sabadell\/wp-content\/uploads\/usu823\/2024\/05\/CARTOON.jpg 1414w\" sizes=\"auto, (max-width: 212px) 100vw, 212px\" \/><\/a><\/p>\n","protected":false},"excerpt":{"rendered":"<p>Benvolgudes fam\u00edlies,<br \/>\nL&#8217;alumnat de 2n de Prim\u00e0ria estrena el projecte transversal de teatre &#8220;Els meteor\u00f2legs&#8221;.<br \/>\nFa mesos que observem el temps diari a l&#8217;aula, aprenent a interpretar els mapes del temps que trobem en aplicacions o en diaris, aix\u00ed com buscant informaci\u00f3 relacionada amb les diferents estacions&hellip;  <a href=\"https:\/\/agora.xtec.cat\/ceip-catalunya-sabadell\/portada\/meteorolegs-2n\/\" title=\"Read Meteor\u00f2legs 2n\">Llegeix m\u00e9s\u00bb<\/a><\/p>\n","protected":false},"author":27,"featured_media":0,"comment_status":"open","ping_status":"closed","sticky":false,"template":"","format":"standard","meta":{"_bbp_topic_count":0,"_bbp_reply_count":0,"_bbp_total_topic_count":0,"_bbp_total_reply_count":0,"_bbp_voice_count":0,"_bbp_anonymous_reply_count":0,"_bbp_topic_count_hidden":0,"_bbp_reply_count_hidden":0,"_bbp_forum_subforum_count":0,"footnotes":""},"categories":[118,41,4,37],"tags":[],"class_list":["post-5090","post","type-post","status-publish","format-standard","hentry","category-promocio19-28","category-english","category-portada","category-teatre"],"post_mailing_queue_ids":[],"_links":{"self":[{"href":"https:\/\/agora.xtec.cat\/ceip-catalunya-sabadell\/wp-json\/wp\/v2\/posts\/5090","targetHints":{"allow":["GET"]}}],"collection":[{"href":"https:\/\/agora.xtec.cat\/ceip-catalunya-sabadell\/wp-json\/wp\/v2\/posts"}],"about":[{"href":"https:\/\/agora.xtec.cat\/ceip-catalunya-sabadell\/wp-json\/wp\/v2\/types\/post"}],"author":[{"embeddable":true,"href":"https:\/\/agora.xtec.cat\/ceip-catalunya-sabadell\/wp-json\/wp\/v2\/users\/27"}],"replies":[{"embeddable":true,"href":"https:\/\/agora.xtec.cat\/ceip-catalunya-sabadell\/wp-json\/wp\/v2\/comments?post=5090"}],"version-history":[{"count":3,"href":"https:\/\/agora.xtec.cat\/ceip-catalunya-sabadell\/wp-json\/wp\/v2\/posts\/5090\/revisions"}],"predecessor-version":[{"id":5097,"href":"https:\/\/agora.xtec.cat\/ceip-catalunya-sabadell\/wp-json\/wp\/v2\/posts\/5090\/revisions\/5097"}],"wp:attachment":[{"href":"https:\/\/agora.xtec.cat\/ceip-catalunya-sabadell\/wp-json\/wp\/v2\/media?parent=5090"}],"wp:term":[{"taxonomy":"category","embeddable":true,"href":"https:\/\/agora.xtec.cat\/ceip-catalunya-sabadell\/wp-json\/wp\/v2\/categories?post=5090"},{"taxonomy":"post_tag","embeddable":true,"href":"https:\/\/agora.xtec.cat\/ceip-catalunya-sabadell\/wp-json\/wp\/v2\/tags?post=5090"}],"curies":[{"name":"wp","href":"https:\/\/api.w.org\/{rel}","templated":true}]}}