{"id":5081,"date":"2024-05-10T10:48:04","date_gmt":"2024-05-10T08:48:04","guid":{"rendered":"https:\/\/agora.xtec.cat\/ceip-catalunya-sabadell\/?p=5081"},"modified":"2024-05-10T10:59:55","modified_gmt":"2024-05-10T08:59:55","slug":"projecte-focus","status":"publish","type":"post","link":"https:\/\/agora.xtec.cat\/ceip-catalunya-sabadell\/general\/projecte-focus\/","title":{"rendered":"PROJECTE FOCUS"},"content":{"rendered":"<p>L&#8217;alumnat de 5\u00e8 ha participat al Projecte Focus, impulsat pel Departament d&#8217;Educaci\u00f3. El projecte promou el desenvolupament de les compet\u00e8ncies clau de l\u2019alumnat de prim\u00e0ria mitjan\u00e7ant la<strong>\u00a0creaci\u00f3 i publicaci\u00f3 de v\u00eddeos amb contingut curricular<\/strong>, promovent l\u2019aprenentatge entre iguals.<\/p>\n<p><img loading=\"lazy\" decoding=\"async\" class=\"wp-image-5091 alignleft\" src=\"https:\/\/agora.xtec.cat\/ceip-catalunya-sabadell\/wp-content\/uploads\/usu823\/2024\/05\/IMG_4812-1-scaled-e1715330655642-233x300.jpg\" alt=\"\" width=\"207\" height=\"267\" srcset=\"https:\/\/agora.xtec.cat\/ceip-catalunya-sabadell\/wp-content\/uploads\/usu823\/2024\/05\/IMG_4812-1-scaled-e1715330655642-233x300.jpg 233w, https:\/\/agora.xtec.cat\/ceip-catalunya-sabadell\/wp-content\/uploads\/usu823\/2024\/05\/IMG_4812-1-scaled-e1715330655642-795x1024.jpg 795w, https:\/\/agora.xtec.cat\/ceip-catalunya-sabadell\/wp-content\/uploads\/usu823\/2024\/05\/IMG_4812-1-scaled-e1715330655642-768x990.jpg 768w, https:\/\/agora.xtec.cat\/ceip-catalunya-sabadell\/wp-content\/uploads\/usu823\/2024\/05\/IMG_4812-1-scaled-e1715330655642-1192x1536.jpg 1192w, https:\/\/agora.xtec.cat\/ceip-catalunya-sabadell\/wp-content\/uploads\/usu823\/2024\/05\/IMG_4812-1-scaled-e1715330655642-1589x2048.jpg 1589w, https:\/\/agora.xtec.cat\/ceip-catalunya-sabadell\/wp-content\/uploads\/usu823\/2024\/05\/IMG_4812-1-scaled-e1715330655642.jpg 1920w\" sizes=\"auto, (max-width: 207px) 100vw, 207px\" \/>\u00a0 \u00a0 \u00a0<img loading=\"lazy\" decoding=\"async\" class=\"wp-image-5084 aligncenter\" src=\"https:\/\/agora.xtec.cat\/ceip-catalunya-sabadell\/wp-content\/uploads\/usu823\/2024\/05\/IMG_4822-1-scaled-e1715330684202-225x300.jpg\" alt=\"\" width=\"197\" height=\"263\" srcset=\"https:\/\/agora.xtec.cat\/ceip-catalunya-sabadell\/wp-content\/uploads\/usu823\/2024\/05\/IMG_4822-1-scaled-e1715330684202-225x300.jpg 225w, https:\/\/agora.xtec.cat\/ceip-catalunya-sabadell\/wp-content\/uploads\/usu823\/2024\/05\/IMG_4822-1-scaled-e1715330684202-768x1024.jpg 768w, https:\/\/agora.xtec.cat\/ceip-catalunya-sabadell\/wp-content\/uploads\/usu823\/2024\/05\/IMG_4822-1-scaled-e1715330684202-1152x1536.jpg 1152w, https:\/\/agora.xtec.cat\/ceip-catalunya-sabadell\/wp-content\/uploads\/usu823\/2024\/05\/IMG_4822-1-scaled-e1715330684202-1536x2048.jpg 1536w, https:\/\/agora.xtec.cat\/ceip-catalunya-sabadell\/wp-content\/uploads\/usu823\/2024\/05\/IMG_4822-1-scaled-e1715330684202.jpg 1920w\" sizes=\"auto, (max-width: 197px) 100vw, 197px\" \/><br \/>\nA partir d&#8217;una pregunta formulada per l&#8217;alumnat, relacionada amb la compet\u00e8ncia digital (protecci\u00f3 i privacitat en<br \/>\nnavegar per Internet, origen dels primers ordinadors, funcionament intern dels dispositius, etc.), l&#8217;alumnat va iniciar una investigaci\u00f3 per a donar-hi resposta i a continuaci\u00f3, va elaborar un gui\u00f3 il\u00b7lustrat (storyboard) amb descripci\u00f3 de l&#8217;acci\u00f3 amb text i so: les m\u00fasiques, efectes sonors, veus en off, di\u00e0legs, els tipus de plans: Pla mig, Pla general, material necessari, etc.<br \/>\nUn cop elaborat el gui\u00f3, l\u2019alumnat va assajar el text i va comen\u00e7ar el rodatge, en qu\u00e8 es van enregistrar les diferents escenes.<br \/>\nFinalment, l\u2019alumnat va fer les tasques d\u2019edici\u00f3, post-producci\u00f3 i revisi\u00f3 en qu\u00e8 van editar els v\u00eddeos finals, incorporant tots els elements<br \/>\nnecessaris (suport visual, \u00e0udios, m\u00fasica de fons, etc. ).<\/p>\n<p>Si cliqueu l&#8217;enlla\u00e7, podreu veure tots els v\u00eddeos que han creat!<\/p>\n<p><a href=\"https:\/\/drive.google.com\/drive\/folders\/1dRkmr1VyNa9VFMgOlrxqAO4hfLKbK2CD?usp=sharing\"><img loading=\"lazy\" decoding=\"async\" class=\"wp-image-5082 aligncenter\" src=\"https:\/\/agora.xtec.cat\/ceip-catalunya-sabadell\/wp-content\/uploads\/usu823\/2024\/05\/Frame_entrada-300x169.png\" alt=\"\" width=\"325\" height=\"183\" srcset=\"https:\/\/agora.xtec.cat\/ceip-catalunya-sabadell\/wp-content\/uploads\/usu823\/2024\/05\/Frame_entrada-300x169.png 300w, https:\/\/agora.xtec.cat\/ceip-catalunya-sabadell\/wp-content\/uploads\/usu823\/2024\/05\/Frame_entrada-1024x576.png 1024w, https:\/\/agora.xtec.cat\/ceip-catalunya-sabadell\/wp-content\/uploads\/usu823\/2024\/05\/Frame_entrada-768x432.png 768w, https:\/\/agora.xtec.cat\/ceip-catalunya-sabadell\/wp-content\/uploads\/usu823\/2024\/05\/Frame_entrada-1536x864.png 1536w, https:\/\/agora.xtec.cat\/ceip-catalunya-sabadell\/wp-content\/uploads\/usu823\/2024\/05\/Frame_entrada.png 1920w\" sizes=\"auto, (max-width: 325px) 100vw, 325px\" \/><\/a><\/p>\n<p>Ha estat un projecte molt enriquidor en qu\u00e8 s&#8217;ha treballat de ple la <strong>compet\u00e8ncia digital<\/strong>, tant a l&#8217;hora de fer cerques guiades a Internet, utilitzant estrat\u00e8gies senzilles per al tractament digital de la informaci\u00f3 (paraules clau, selecci\u00f3 d\u2019informaci\u00f3 rellevant, organitzaci\u00f3 de dades, etc.) amb una actitud cr\u00edtica sobre els continguts, aix\u00ed com a l&#8217;hora de crear, integrar i reelaborar continguts digitals en diferents formats (text, taula, imatge, \u00e0udio, v\u00eddeo, programa inform\u00e0tic, etc.) mitjan\u00e7ant l\u2019\u00fas de diferents<br \/>\neines digitals per expressar idees, sentiments i coneixements, respectant la propietat intel\u00b7lectual i els drets d\u2019autor dels continguts que reutilitza.<\/p>\n<p>L&#8217;alumnat ha treballat en petits grups, gestionant i utilitzant el seu propi entorn personal digital d\u2019aprenentatge\u00a0 per construir nou coneixement i crear continguts digitals, mitjan\u00e7ant estrat\u00e8gies de tractament de la informaci\u00f3 i l\u2019\u00fas de diferents eines digitals. Alhora, han utilitzat eines o plataformes virtuals (Classroom, google drives) que els ha perm\u00e8s construir nou coneixement, comunicar-se, treballar col\u00b7laborativament, compartir dades i continguts en entorns digitals<br \/>\nFinalment, molts dels v\u00eddeos que han creat han tingut com a tema central la seguretat a internet, mesures de prevenci\u00f3 en l&#8217;\u00fas de les tecnologies digitals per protegir els dispositius, les dades personals, la salut i el medi ambient, i s\u2019han iniciat en l\u2019adopci\u00f3 d\u2019h\u00e0bits d\u2019\u00fas cr\u00edtic, segur, saludable i sostenible d\u2019aquestes tecnologies.<\/p>\n<p>Moltes felicitats per tot el treball realitzat!<\/p>\n","protected":false},"excerpt":{"rendered":"<p>L&#8217;alumnat de 5\u00e8 ha participat al Projecte Focus, impulsat pel Departament d&#8217;Educaci\u00f3. El projecte promou el desenvolupament de les compet\u00e8ncies clau de l\u2019alumnat de prim\u00e0ria mitjan\u00e7ant la\u00a0creaci\u00f3 i publicaci\u00f3 de v\u00eddeos amb contingut curricular, promovent l\u2019aprenentatge entre iguals.<br \/>\n\u00a0 \u00a0 \u00a0<br \/>\nA partir d&#8217;una pregunta formulada per&hellip;  <a href=\"https:\/\/agora.xtec.cat\/ceip-catalunya-sabadell\/general\/projecte-focus\/\" title=\"Read PROJECTE FOCUS\">Llegeix m\u00e9s\u00bb<\/a><\/p>\n","protected":false},"author":3,"featured_media":0,"comment_status":"open","ping_status":"closed","sticky":false,"template":"","format":"standard","meta":{"_bbp_topic_count":0,"_bbp_reply_count":0,"_bbp_total_topic_count":0,"_bbp_total_reply_count":0,"_bbp_voice_count":0,"_bbp_anonymous_reply_count":0,"_bbp_topic_count_hidden":0,"_bbp_reply_count_hidden":0,"_bbp_forum_subforum_count":0,"footnotes":""},"categories":[14,43,1,4,37],"tags":[],"class_list":["post-5081","post","type-post","status-publish","format-standard","hentry","category-5e","category-cultura-digital","category-general","category-portada","category-teatre"],"post_mailing_queue_ids":[],"_links":{"self":[{"href":"https:\/\/agora.xtec.cat\/ceip-catalunya-sabadell\/wp-json\/wp\/v2\/posts\/5081","targetHints":{"allow":["GET"]}}],"collection":[{"href":"https:\/\/agora.xtec.cat\/ceip-catalunya-sabadell\/wp-json\/wp\/v2\/posts"}],"about":[{"href":"https:\/\/agora.xtec.cat\/ceip-catalunya-sabadell\/wp-json\/wp\/v2\/types\/post"}],"author":[{"embeddable":true,"href":"https:\/\/agora.xtec.cat\/ceip-catalunya-sabadell\/wp-json\/wp\/v2\/users\/3"}],"replies":[{"embeddable":true,"href":"https:\/\/agora.xtec.cat\/ceip-catalunya-sabadell\/wp-json\/wp\/v2\/comments?post=5081"}],"version-history":[{"count":6,"href":"https:\/\/agora.xtec.cat\/ceip-catalunya-sabadell\/wp-json\/wp\/v2\/posts\/5081\/revisions"}],"predecessor-version":[{"id":5099,"href":"https:\/\/agora.xtec.cat\/ceip-catalunya-sabadell\/wp-json\/wp\/v2\/posts\/5081\/revisions\/5099"}],"wp:attachment":[{"href":"https:\/\/agora.xtec.cat\/ceip-catalunya-sabadell\/wp-json\/wp\/v2\/media?parent=5081"}],"wp:term":[{"taxonomy":"category","embeddable":true,"href":"https:\/\/agora.xtec.cat\/ceip-catalunya-sabadell\/wp-json\/wp\/v2\/categories?post=5081"},{"taxonomy":"post_tag","embeddable":true,"href":"https:\/\/agora.xtec.cat\/ceip-catalunya-sabadell\/wp-json\/wp\/v2\/tags?post=5081"}],"curies":[{"name":"wp","href":"https:\/\/api.w.org\/{rel}","templated":true}]}}