{"id":5065,"date":"2024-04-25T10:19:48","date_gmt":"2024-04-25T08:19:48","guid":{"rendered":"https:\/\/agora.xtec.cat\/ceip-catalunya-sabadell\/?p=5065"},"modified":"2024-04-25T10:24:54","modified_gmt":"2024-04-25T08:24:54","slug":"st-jordi-24","status":"publish","type":"post","link":"https:\/\/agora.xtec.cat\/ceip-catalunya-sabadell\/portada\/st-jordi-24\/","title":{"rendered":"ST. JORDI &#8217;24"},"content":{"rendered":"<p>Un any m\u00e9s, arriba la festivitat de Sant Jordi, carregada de llibres, m\u00fasica, art i cultura. Durant tota la setmana hem estat gaudint de diferents propostes que han fet d&#8217;aquesta, una setmana ben especial.<\/p>\n<p>Dimarts vam celebrar el certamen literari dels &#8220;Jocs Florals&#8221;, des de 2n de Prim\u00e0ria fins a 6\u00e8. L&#8217;alumnat de 1r hi va participar amb un premi general d&#8217;aula i els petits de la casa d&#8217;Educaci\u00f3 Infantil, van gaudir d&#8217;un mat\u00ed de tallers de Sant\u00a0Jordi. Cliqueu a les imatges per a veure el recull de fotografies:<\/p>\n<div><\/div>\n<div><\/div>\n<div><a href=\"https:\/\/drive.google.com\/drive\/folders\/11AV3XQdRiasNjTt21kubTzjQzNxOzd-t?usp=sharing\"><img loading=\"lazy\" decoding=\"async\" class=\"alignnone wp-image-5066\" src=\"https:\/\/agora.xtec.cat\/ceip-catalunya-sabadell\/wp-content\/uploads\/usu823\/2024\/04\/IMG_0056-1-300x225.jpg\" alt=\"\" width=\"210\" height=\"157\" srcset=\"https:\/\/agora.xtec.cat\/ceip-catalunya-sabadell\/wp-content\/uploads\/usu823\/2024\/04\/IMG_0056-1-300x225.jpg 300w, https:\/\/agora.xtec.cat\/ceip-catalunya-sabadell\/wp-content\/uploads\/usu823\/2024\/04\/IMG_0056-1-1024x768.jpg 1024w, https:\/\/agora.xtec.cat\/ceip-catalunya-sabadell\/wp-content\/uploads\/usu823\/2024\/04\/IMG_0056-1-768x576.jpg 768w, https:\/\/agora.xtec.cat\/ceip-catalunya-sabadell\/wp-content\/uploads\/usu823\/2024\/04\/IMG_0056-1-1536x1152.jpg 1536w, https:\/\/agora.xtec.cat\/ceip-catalunya-sabadell\/wp-content\/uploads\/usu823\/2024\/04\/IMG_0056-1-2048x1536.jpg 2048w, https:\/\/agora.xtec.cat\/ceip-catalunya-sabadell\/wp-content\/uploads\/usu823\/2024\/04\/IMG_0056-1-200x150.jpg 200w\" sizes=\"auto, (max-width: 210px) 100vw, 210px\" \/>\u00a0\u00a0\u00a0\u00a0\u00a0\u00a0\u00a0\u00a0\u00a0\u00a0\u00a0\u00a0\u00a0\u00a0\u00a0\u00a0\u00a0\u00a0\u00a0 <\/a><a href=\"https:\/\/drive.google.com\/drive\/folders\/1Ak1u1oJDWj9BOyuKPET_OF0P9bXbZdd8?usp=sharing\"><img loading=\"lazy\" decoding=\"async\" class=\"alignnone wp-image-5067\" src=\"https:\/\/agora.xtec.cat\/ceip-catalunya-sabadell\/wp-content\/uploads\/usu823\/2024\/04\/20240423_155230-300x139.jpg\" alt=\"\" width=\"330\" height=\"153\" srcset=\"https:\/\/agora.xtec.cat\/ceip-catalunya-sabadell\/wp-content\/uploads\/usu823\/2024\/04\/20240423_155230-300x139.jpg 300w, https:\/\/agora.xtec.cat\/ceip-catalunya-sabadell\/wp-content\/uploads\/usu823\/2024\/04\/20240423_155230-1024x473.jpg 1024w, https:\/\/agora.xtec.cat\/ceip-catalunya-sabadell\/wp-content\/uploads\/usu823\/2024\/04\/20240423_155230-768x355.jpg 768w, https:\/\/agora.xtec.cat\/ceip-catalunya-sabadell\/wp-content\/uploads\/usu823\/2024\/04\/20240423_155230-1536x710.jpg 1536w, https:\/\/agora.xtec.cat\/ceip-catalunya-sabadell\/wp-content\/uploads\/usu823\/2024\/04\/20240423_155230-2048x946.jpg 2048w\" sizes=\"auto, (max-width: 330px) 100vw, 330px\" \/><\/a><\/div>\n<div><\/div>\n<p>El mateix dimarts a la tarda, vam gaudir de les paradetes de venda de llibres de segona m\u00e0, mantenint el criteri de sostenibilitat i reciclatge de materials que seguim sempre.<\/p>\n<p>I finalment, dimecres vam gaudir d&#8217;un bon espectacle d&#8217;ART I POESIA a c\u00e0rrec de l&#8217;alumnat de 3r de Prim\u00e0ria en qu\u00e8 vam poder veure diferents actuacions musicals i poemes recitats i representats amb m\u00edmica. Un espectacle ple de colors, m\u00fasica i paraules.<\/p>\n<p>Podreu veure les fotografies i els v\u00eddeos de l&#8217;espectacle clicant a les imatges:<\/p>\n<div><\/div>\n<div><a href=\"https:\/\/drive.google.com\/drive\/folders\/18x7gcmfRimEg77c_QJ53mVPjYIinGlw_?usp=sharing\"><img loading=\"lazy\" decoding=\"async\" class=\"alignnone size-medium wp-image-5068\" src=\"https:\/\/agora.xtec.cat\/ceip-catalunya-sabadell\/wp-content\/uploads\/usu823\/2024\/04\/IMG_9012-1-300x225.jpg\" alt=\"\" width=\"300\" height=\"225\" srcset=\"https:\/\/agora.xtec.cat\/ceip-catalunya-sabadell\/wp-content\/uploads\/usu823\/2024\/04\/IMG_9012-1-300x225.jpg 300w, https:\/\/agora.xtec.cat\/ceip-catalunya-sabadell\/wp-content\/uploads\/usu823\/2024\/04\/IMG_9012-1-1024x768.jpg 1024w, https:\/\/agora.xtec.cat\/ceip-catalunya-sabadell\/wp-content\/uploads\/usu823\/2024\/04\/IMG_9012-1-768x576.jpg 768w, https:\/\/agora.xtec.cat\/ceip-catalunya-sabadell\/wp-content\/uploads\/usu823\/2024\/04\/IMG_9012-1-1536x1152.jpg 1536w, https:\/\/agora.xtec.cat\/ceip-catalunya-sabadell\/wp-content\/uploads\/usu823\/2024\/04\/IMG_9012-1-2048x1536.jpg 2048w, https:\/\/agora.xtec.cat\/ceip-catalunya-sabadell\/wp-content\/uploads\/usu823\/2024\/04\/IMG_9012-1-200x150.jpg 200w\" sizes=\"auto, (max-width: 300px) 100vw, 300px\" \/><\/a><\/div>\n<div><\/div>\n<p>V\u00eddeos de l&#8217;espectacle:<\/p>\n<div><a href=\"https:\/\/drive.google.com\/drive\/folders\/14-t30IHxs3_illp5PIwj4NpHxIlhJnuq?usp=sharing\"><img loading=\"lazy\" decoding=\"async\" class=\"alignnone size-medium wp-image-5069\" src=\"https:\/\/agora.xtec.cat\/ceip-catalunya-sabadell\/wp-content\/uploads\/usu823\/2024\/04\/DSC00127-1-300x200.jpg\" alt=\"\" width=\"300\" height=\"200\" srcset=\"https:\/\/agora.xtec.cat\/ceip-catalunya-sabadell\/wp-content\/uploads\/usu823\/2024\/04\/DSC00127-1-300x200.jpg 300w, https:\/\/agora.xtec.cat\/ceip-catalunya-sabadell\/wp-content\/uploads\/usu823\/2024\/04\/DSC00127-1-1024x683.jpg 1024w, https:\/\/agora.xtec.cat\/ceip-catalunya-sabadell\/wp-content\/uploads\/usu823\/2024\/04\/DSC00127-1-768x512.jpg 768w, https:\/\/agora.xtec.cat\/ceip-catalunya-sabadell\/wp-content\/uploads\/usu823\/2024\/04\/DSC00127-1-1536x1024.jpg 1536w, https:\/\/agora.xtec.cat\/ceip-catalunya-sabadell\/wp-content\/uploads\/usu823\/2024\/04\/DSC00127-1-2048x1365.jpg 2048w\" sizes=\"auto, (max-width: 300px) 100vw, 300px\" \/><\/a><\/div>\n<p>Esperem que us agradi tant com a nosaltres! Enhorabona a tot l&#8217;equip de 3r per fer-ho possible!<\/p>\n<div><\/div>\n<div><\/div>\n","protected":false},"excerpt":{"rendered":"<p>Un any m\u00e9s, arriba la festivitat de Sant Jordi, carregada de llibres, m\u00fasica, art i cultura. Durant tota la setmana hem estat gaudint de diferents propostes que han fet d&#8217;aquesta, una setmana ben especial.<br \/>\nDimarts vam celebrar el certamen literari dels &#8220;Jocs Florals&#8221;, des de 2n&hellip;  <a href=\"https:\/\/agora.xtec.cat\/ceip-catalunya-sabadell\/portada\/st-jordi-24\/\" title=\"Read ST. JORDI &#8217;24\">Llegeix m\u00e9s\u00bb<\/a><\/p>\n","protected":false},"author":3,"featured_media":0,"comment_status":"open","ping_status":"closed","sticky":false,"template":"","format":"standard","meta":{"_bbp_topic_count":0,"_bbp_reply_count":0,"_bbp_total_topic_count":0,"_bbp_total_reply_count":0,"_bbp_voice_count":0,"_bbp_anonymous_reply_count":0,"_bbp_topic_count_hidden":0,"_bbp_reply_count_hidden":0,"_bbp_forum_subforum_count":0,"footnotes":""},"categories":[39,4],"tags":[],"class_list":["post-5065","post","type-post","status-publish","format-standard","hentry","category-jo-llegeixo-jo-escric-jo-visc","category-portada"],"post_mailing_queue_ids":[],"_links":{"self":[{"href":"https:\/\/agora.xtec.cat\/ceip-catalunya-sabadell\/wp-json\/wp\/v2\/posts\/5065","targetHints":{"allow":["GET"]}}],"collection":[{"href":"https:\/\/agora.xtec.cat\/ceip-catalunya-sabadell\/wp-json\/wp\/v2\/posts"}],"about":[{"href":"https:\/\/agora.xtec.cat\/ceip-catalunya-sabadell\/wp-json\/wp\/v2\/types\/post"}],"author":[{"embeddable":true,"href":"https:\/\/agora.xtec.cat\/ceip-catalunya-sabadell\/wp-json\/wp\/v2\/users\/3"}],"replies":[{"embeddable":true,"href":"https:\/\/agora.xtec.cat\/ceip-catalunya-sabadell\/wp-json\/wp\/v2\/comments?post=5065"}],"version-history":[{"count":4,"href":"https:\/\/agora.xtec.cat\/ceip-catalunya-sabadell\/wp-json\/wp\/v2\/posts\/5065\/revisions"}],"predecessor-version":[{"id":5073,"href":"https:\/\/agora.xtec.cat\/ceip-catalunya-sabadell\/wp-json\/wp\/v2\/posts\/5065\/revisions\/5073"}],"wp:attachment":[{"href":"https:\/\/agora.xtec.cat\/ceip-catalunya-sabadell\/wp-json\/wp\/v2\/media?parent=5065"}],"wp:term":[{"taxonomy":"category","embeddable":true,"href":"https:\/\/agora.xtec.cat\/ceip-catalunya-sabadell\/wp-json\/wp\/v2\/categories?post=5065"},{"taxonomy":"post_tag","embeddable":true,"href":"https:\/\/agora.xtec.cat\/ceip-catalunya-sabadell\/wp-json\/wp\/v2\/tags?post=5065"}],"curies":[{"name":"wp","href":"https:\/\/api.w.org\/{rel}","templated":true}]}}