{"id":5051,"date":"2024-03-22T08:45:46","date_gmt":"2024-03-22T07:45:46","guid":{"rendered":"https:\/\/agora.xtec.cat\/ceip-catalunya-sabadell\/?p=5051"},"modified":"2024-03-22T11:22:42","modified_gmt":"2024-03-22T10:22:42","slug":"telenoticies-4t-2","status":"publish","type":"post","link":"https:\/\/agora.xtec.cat\/ceip-catalunya-sabadell\/portada\/telenoticies-4t-2\/","title":{"rendered":"TELENOT\u00cdCIES 4t"},"content":{"rendered":"<div id=\":3rk\" class=\"ii gt\">\n<div id=\":3rl\" class=\"a3s aiL \">\n<div dir=\"ltr\">\n<p><span style=\"color: #000000; font-family: arial, sans-serif;\">Benvolgudes fam\u00edlies,<\/span><\/p>\n<p><span style=\"color: #000000; font-family: arial, sans-serif;\">L\u2019alumnat de quart de prim\u00e0ria estrena el projecte transversal de teatre amb el nou<b>\u00a0&#8220;Telenot\u00edcies de quart&#8221;<\/b>\u00a0m\u00e9s divertit que mai!<\/span><\/p>\n<p><span style=\"color: #000000; font-family: arial, sans-serif;\">Un telenot\u00edcies amb quatre blocs informatius (not\u00edcies locals, comarcals, internacionals i de ci\u00e8ncies) on hem treballat\u00a0quatre aspectes: expressi\u00f3 escrita (redacci\u00f3 del text del gui\u00f3), expressi\u00f3 oral (memoritzaci\u00f3 text, interpretaci\u00f3 i entonaci\u00f3),\u00a0 compet\u00e8ncia digital (edici\u00f3 del v\u00eddeo) i benestar emocional (participaci\u00f3, comprom\u00eds, col.laboraci\u00f3 amb els companys\/es, cura del benestar personal i del grup).<\/span><\/p>\n<p><span style=\"color: #000000; font-family: arial, sans-serif;\">A m\u00e9s, s\u2019ha realitzat aquest projecte a trav\u00e9s del treball cooperatiu, fent agrupacions internivell i amb el suport de diferents mestres i especialistes que han col\u00b7laborat.<br \/>\n<\/span><\/p>\n<p><span style=\"color: #000000; font-family: arial, sans-serif;\">Ens fa molta il\u00b7lusi\u00f3 compartir el resultat! No us ho perdeu!<\/span><\/p>\n<p><span style=\"color: #000000; font-family: arial, sans-serif;\">Podeu accedir al contingut del TN clicant a la imatge que us mostrem a continuaci\u00f3:<\/span><\/p>\n<p><span id=\"m_-6617286292329873288gmail-docs-internal-guid-ece78876-7fff-2916-9497-4e20661a483c\"><a href=\"https:\/\/drive.google.com\/drive\/folders\/10_C80V4qsdMtWENVNLXG35CCSUt1ufgk?usp=sharing\" target=\"_blank\" rel=\"noopener\" data-saferedirecturl=\"https:\/\/www.google.com\/url?q=https:\/\/drive.google.com\/drive\/folders\/10_C80V4qsdMtWENVNLXG35CCSUt1ufgk?usp%3Dsharing&amp;source=gmail&amp;ust=1711103281958000&amp;usg=AOvVaw0cN-UOthwujHoNqSNBmvwg\">https:\/\/drive.google.com\/<wbr \/>drive\/folders\/10_<wbr \/>C80V4qsdMtWENVNLXG35CCSUt1ufgk<wbr \/>?usp=sharing<\/a><\/span><span style=\"color: #000000; font-family: arial, sans-serif;\"><br \/>\n<\/span><\/p>\n<\/div>\n<div class=\"yj6qo\"><\/div>\n<div class=\"adL\"><\/div>\n<\/div>\n<\/div>\n<div id=\":3r4\" class=\"hq gt\"><a href=\"https:\/\/drive.google.com\/drive\/folders\/10_C80V4qsdMtWENVNLXG35CCSUt1ufgk?usp=sharing\"><img loading=\"lazy\" decoding=\"async\" class=\"alignnone size-medium wp-image-5052\" src=\"https:\/\/agora.xtec.cat\/ceip-catalunya-sabadell\/wp-content\/uploads\/usu823\/2024\/03\/Portada-TN-300x225.png\" alt=\"\" width=\"300\" height=\"225\" srcset=\"https:\/\/agora.xtec.cat\/ceip-catalunya-sabadell\/wp-content\/uploads\/usu823\/2024\/03\/Portada-TN-300x225.png 300w, https:\/\/agora.xtec.cat\/ceip-catalunya-sabadell\/wp-content\/uploads\/usu823\/2024\/03\/Portada-TN-768x576.png 768w, https:\/\/agora.xtec.cat\/ceip-catalunya-sabadell\/wp-content\/uploads\/usu823\/2024\/03\/Portada-TN-200x150.png 200w, https:\/\/agora.xtec.cat\/ceip-catalunya-sabadell\/wp-content\/uploads\/usu823\/2024\/03\/Portada-TN.png 1024w\" sizes=\"auto, (max-width: 300px) 100vw, 300px\" \/><\/a><\/div>\n","protected":false},"excerpt":{"rendered":"<p>Benvolgudes fam\u00edlies,<br \/>\nL\u2019alumnat de quart de prim\u00e0ria estrena el projecte transversal de teatre amb el nou\u00a0&#8220;Telenot\u00edcies de quart&#8221;\u00a0m\u00e9s divertit que mai!<br \/>\nUn telenot\u00edcies amb quatre blocs informatius (not\u00edcies locals, comarcals, internacionals i de ci\u00e8ncies) on hem treballat\u00a0quatre aspectes: expressi\u00f3 escrita (redacci\u00f3 del text del gui\u00f3), expressi\u00f3 oral&hellip;  <a href=\"https:\/\/agora.xtec.cat\/ceip-catalunya-sabadell\/portada\/telenoticies-4t-2\/\" title=\"Read TELENOT\u00cdCIES 4t\">Llegeix m\u00e9s\u00bb<\/a><\/p>\n","protected":false},"author":3,"featured_media":0,"comment_status":"open","ping_status":"closed","sticky":false,"template":"","format":"standard","meta":{"_bbp_topic_count":0,"_bbp_reply_count":0,"_bbp_total_topic_count":0,"_bbp_total_reply_count":0,"_bbp_voice_count":0,"_bbp_anonymous_reply_count":0,"_bbp_topic_count_hidden":0,"_bbp_reply_count_hidden":0,"_bbp_forum_subforum_count":0,"footnotes":""},"categories":[4,37],"tags":[],"class_list":["post-5051","post","type-post","status-publish","format-standard","hentry","category-portada","category-teatre"],"post_mailing_queue_ids":[],"_links":{"self":[{"href":"https:\/\/agora.xtec.cat\/ceip-catalunya-sabadell\/wp-json\/wp\/v2\/posts\/5051","targetHints":{"allow":["GET"]}}],"collection":[{"href":"https:\/\/agora.xtec.cat\/ceip-catalunya-sabadell\/wp-json\/wp\/v2\/posts"}],"about":[{"href":"https:\/\/agora.xtec.cat\/ceip-catalunya-sabadell\/wp-json\/wp\/v2\/types\/post"}],"author":[{"embeddable":true,"href":"https:\/\/agora.xtec.cat\/ceip-catalunya-sabadell\/wp-json\/wp\/v2\/users\/3"}],"replies":[{"embeddable":true,"href":"https:\/\/agora.xtec.cat\/ceip-catalunya-sabadell\/wp-json\/wp\/v2\/comments?post=5051"}],"version-history":[{"count":1,"href":"https:\/\/agora.xtec.cat\/ceip-catalunya-sabadell\/wp-json\/wp\/v2\/posts\/5051\/revisions"}],"predecessor-version":[{"id":5053,"href":"https:\/\/agora.xtec.cat\/ceip-catalunya-sabadell\/wp-json\/wp\/v2\/posts\/5051\/revisions\/5053"}],"wp:attachment":[{"href":"https:\/\/agora.xtec.cat\/ceip-catalunya-sabadell\/wp-json\/wp\/v2\/media?parent=5051"}],"wp:term":[{"taxonomy":"category","embeddable":true,"href":"https:\/\/agora.xtec.cat\/ceip-catalunya-sabadell\/wp-json\/wp\/v2\/categories?post=5051"},{"taxonomy":"post_tag","embeddable":true,"href":"https:\/\/agora.xtec.cat\/ceip-catalunya-sabadell\/wp-json\/wp\/v2\/tags?post=5051"}],"curies":[{"name":"wp","href":"https:\/\/api.w.org\/{rel}","templated":true}]}}