{"id":5039,"date":"2024-02-26T16:04:44","date_gmt":"2024-02-26T15:04:44","guid":{"rendered":"https:\/\/agora.xtec.cat\/ceip-catalunya-sabadell\/?p=5039"},"modified":"2024-02-26T16:17:56","modified_gmt":"2024-02-26T15:17:56","slug":"dia-internacional-de-la-llengua-materna","status":"publish","type":"post","link":"https:\/\/agora.xtec.cat\/ceip-catalunya-sabadell\/portada\/dia-internacional-de-la-llengua-materna\/","title":{"rendered":"Dia Internacional de la Llengua Materna"},"content":{"rendered":"<p><span style=\"font-weight: 400;\">En commemoraci\u00f3 del <\/span><b>\u201cDia Internacional de la Llengua Materna\u201d<\/b><span style=\"font-weight: 400;\">,<\/span><b> 21 de febrer<\/b><span style=\"font-weight: 400;\">, ens va semblar bonic i entranyable dur a terme una din\u00e0mica on tothom, qui volgu\u00e9s, pogu\u00e9s plasmar algun trosset de can\u00e7\u00f3, dita, poema en la seva llengua d\u2019origen, familiar, inicial, adquirida&#8230; No \u00e9s res m\u00e9s, que una manera d\u2019evidenciar el nostre tarann\u00e0 inclusiu i multicultural. N\u2019estem molt orgullosos i \u00e9s per aquest motiu que volem fer un petit reconeixement a aquelles persones que van lluitar per defensar les seves lleng\u00fces.<\/span><\/p>\n<p><span style=\"font-weight: 400;\">Des dels petits fins als m\u00e9s grans, el recull contempla can\u00e7ons d\u2019aniversari i altres mostres en les lleng\u00fces dels nostres alumnes i mestres: <\/span><b>catal\u00e0, castell\u00e0, angl\u00e8s, rus, roman\u00e8s, euskera, txec, LSC, itali\u00e0, guaran\u00ed, quechua, \u00e0rab, indi, xin\u00e8s, portugu\u00e8s<\/b><span style=\"font-weight: 400;\">\u2026<\/span><\/p>\n<p style=\"text-align: right;\"><b><i>Equip LIC<\/i><\/b><\/p>\n<p><a href=\"https:\/\/agora.xtec.cat\/ceip-catalunya-sabadell\/wp-content\/uploads\/usu823\/2024\/02\/WhatsApp-Image-2024-02-26-at-13.07.32-2.jpeg\"><img loading=\"lazy\" decoding=\"async\" class=\"alignnone wp-image-5042 size-medium\" src=\"https:\/\/agora.xtec.cat\/ceip-catalunya-sabadell\/wp-content\/uploads\/usu823\/2024\/02\/WhatsApp-Image-2024-02-26-at-13.07.32-2-300x207.jpeg\" alt=\"\" width=\"300\" height=\"207\" srcset=\"https:\/\/agora.xtec.cat\/ceip-catalunya-sabadell\/wp-content\/uploads\/usu823\/2024\/02\/WhatsApp-Image-2024-02-26-at-13.07.32-2-300x207.jpeg 300w, https:\/\/agora.xtec.cat\/ceip-catalunya-sabadell\/wp-content\/uploads\/usu823\/2024\/02\/WhatsApp-Image-2024-02-26-at-13.07.32-2-1024x707.jpeg 1024w, https:\/\/agora.xtec.cat\/ceip-catalunya-sabadell\/wp-content\/uploads\/usu823\/2024\/02\/WhatsApp-Image-2024-02-26-at-13.07.32-2-768x530.jpeg 768w, https:\/\/agora.xtec.cat\/ceip-catalunya-sabadell\/wp-content\/uploads\/usu823\/2024\/02\/WhatsApp-Image-2024-02-26-at-13.07.32-2.jpeg 1526w\" sizes=\"auto, (max-width: 300px) 100vw, 300px\" \/><\/a> <a href=\"https:\/\/agora.xtec.cat\/ceip-catalunya-sabadell\/wp-content\/uploads\/usu823\/2024\/02\/WhatsApp-Image-2024-02-26-at-13.07.32-1.jpeg\"><img loading=\"lazy\" decoding=\"async\" class=\"alignnone size-medium wp-image-5041\" src=\"https:\/\/agora.xtec.cat\/ceip-catalunya-sabadell\/wp-content\/uploads\/usu823\/2024\/02\/WhatsApp-Image-2024-02-26-at-13.07.32-1-162x300.jpeg\" alt=\"\" width=\"162\" height=\"300\" srcset=\"https:\/\/agora.xtec.cat\/ceip-catalunya-sabadell\/wp-content\/uploads\/usu823\/2024\/02\/WhatsApp-Image-2024-02-26-at-13.07.32-1-162x300.jpeg 162w, https:\/\/agora.xtec.cat\/ceip-catalunya-sabadell\/wp-content\/uploads\/usu823\/2024\/02\/WhatsApp-Image-2024-02-26-at-13.07.32-1-554x1024.jpeg 554w, https:\/\/agora.xtec.cat\/ceip-catalunya-sabadell\/wp-content\/uploads\/usu823\/2024\/02\/WhatsApp-Image-2024-02-26-at-13.07.32-1-768x1419.jpeg 768w, https:\/\/agora.xtec.cat\/ceip-catalunya-sabadell\/wp-content\/uploads\/usu823\/2024\/02\/WhatsApp-Image-2024-02-26-at-13.07.32-1.jpeg 770w\" sizes=\"auto, (max-width: 162px) 100vw, 162px\" \/><\/a> <a href=\"https:\/\/agora.xtec.cat\/ceip-catalunya-sabadell\/wp-content\/uploads\/usu823\/2024\/02\/WhatsApp-Image-2024-02-26-at-13.07.32.jpeg\"><img loading=\"lazy\" decoding=\"async\" class=\"alignnone size-medium wp-image-5040\" src=\"https:\/\/agora.xtec.cat\/ceip-catalunya-sabadell\/wp-content\/uploads\/usu823\/2024\/02\/WhatsApp-Image-2024-02-26-at-13.07.32-119x300.jpeg\" alt=\"\" width=\"119\" height=\"300\" srcset=\"https:\/\/agora.xtec.cat\/ceip-catalunya-sabadell\/wp-content\/uploads\/usu823\/2024\/02\/WhatsApp-Image-2024-02-26-at-13.07.32-119x300.jpeg 119w, https:\/\/agora.xtec.cat\/ceip-catalunya-sabadell\/wp-content\/uploads\/usu823\/2024\/02\/WhatsApp-Image-2024-02-26-at-13.07.32-405x1024.jpeg 405w, https:\/\/agora.xtec.cat\/ceip-catalunya-sabadell\/wp-content\/uploads\/usu823\/2024\/02\/WhatsApp-Image-2024-02-26-at-13.07.32-768x1944.jpeg 768w, https:\/\/agora.xtec.cat\/ceip-catalunya-sabadell\/wp-content\/uploads\/usu823\/2024\/02\/WhatsApp-Image-2024-02-26-at-13.07.32-607x1536.jpeg 607w, https:\/\/agora.xtec.cat\/ceip-catalunya-sabadell\/wp-content\/uploads\/usu823\/2024\/02\/WhatsApp-Image-2024-02-26-at-13.07.32.jpeg 772w\" sizes=\"auto, (max-width: 119px) 100vw, 119px\" \/><\/a><\/p>\n<p><img loading=\"lazy\" decoding=\"async\" class=\"alignnone size-medium wp-image-5046\" src=\"https:\/\/agora.xtec.cat\/ceip-catalunya-sabadell\/wp-content\/uploads\/usu823\/2024\/02\/IMG_20240222_155931-1-300x225.jpg\" alt=\"\" width=\"300\" height=\"225\" srcset=\"https:\/\/agora.xtec.cat\/ceip-catalunya-sabadell\/wp-content\/uploads\/usu823\/2024\/02\/IMG_20240222_155931-1-300x225.jpg 300w, https:\/\/agora.xtec.cat\/ceip-catalunya-sabadell\/wp-content\/uploads\/usu823\/2024\/02\/IMG_20240222_155931-1-1024x768.jpg 1024w, https:\/\/agora.xtec.cat\/ceip-catalunya-sabadell\/wp-content\/uploads\/usu823\/2024\/02\/IMG_20240222_155931-1-768x576.jpg 768w, https:\/\/agora.xtec.cat\/ceip-catalunya-sabadell\/wp-content\/uploads\/usu823\/2024\/02\/IMG_20240222_155931-1-1536x1152.jpg 1536w, https:\/\/agora.xtec.cat\/ceip-catalunya-sabadell\/wp-content\/uploads\/usu823\/2024\/02\/IMG_20240222_155931-1-2048x1536.jpg 2048w, https:\/\/agora.xtec.cat\/ceip-catalunya-sabadell\/wp-content\/uploads\/usu823\/2024\/02\/IMG_20240222_155931-1-200x150.jpg 200w\" sizes=\"auto, (max-width: 300px) 100vw, 300px\" \/><\/p>\n","protected":false},"excerpt":{"rendered":"<p>En commemoraci\u00f3 del \u201cDia Internacional de la Llengua Materna\u201d, 21 de febrer, ens va semblar bonic i entranyable dur a terme una din\u00e0mica on tothom, qui volgu\u00e9s, pogu\u00e9s plasmar algun trosset de can\u00e7\u00f3, dita, poema en la seva llengua d\u2019origen, familiar, inicial, adquirida&#8230; No \u00e9s&hellip;  <a href=\"https:\/\/agora.xtec.cat\/ceip-catalunya-sabadell\/portada\/dia-internacional-de-la-llengua-materna\/\" title=\"Read Dia Internacional de la Llengua Materna\">Llegeix m\u00e9s\u00bb<\/a><\/p>\n","protected":false},"author":94,"featured_media":0,"comment_status":"open","ping_status":"closed","sticky":false,"template":"","format":"standard","meta":{"_bbp_topic_count":0,"_bbp_reply_count":0,"_bbp_total_topic_count":0,"_bbp_total_reply_count":0,"_bbp_voice_count":0,"_bbp_anonymous_reply_count":0,"_bbp_topic_count_hidden":0,"_bbp_reply_count_hidden":0,"_bbp_forum_subforum_count":0,"footnotes":""},"categories":[142,4],"tags":[],"class_list":["post-5039","post","type-post","status-publish","format-standard","hentry","category-aula-acollida","category-portada"],"post_mailing_queue_ids":[],"_links":{"self":[{"href":"https:\/\/agora.xtec.cat\/ceip-catalunya-sabadell\/wp-json\/wp\/v2\/posts\/5039","targetHints":{"allow":["GET"]}}],"collection":[{"href":"https:\/\/agora.xtec.cat\/ceip-catalunya-sabadell\/wp-json\/wp\/v2\/posts"}],"about":[{"href":"https:\/\/agora.xtec.cat\/ceip-catalunya-sabadell\/wp-json\/wp\/v2\/types\/post"}],"author":[{"embeddable":true,"href":"https:\/\/agora.xtec.cat\/ceip-catalunya-sabadell\/wp-json\/wp\/v2\/users\/94"}],"replies":[{"embeddable":true,"href":"https:\/\/agora.xtec.cat\/ceip-catalunya-sabadell\/wp-json\/wp\/v2\/comments?post=5039"}],"version-history":[{"count":3,"href":"https:\/\/agora.xtec.cat\/ceip-catalunya-sabadell\/wp-json\/wp\/v2\/posts\/5039\/revisions"}],"predecessor-version":[{"id":5047,"href":"https:\/\/agora.xtec.cat\/ceip-catalunya-sabadell\/wp-json\/wp\/v2\/posts\/5039\/revisions\/5047"}],"wp:attachment":[{"href":"https:\/\/agora.xtec.cat\/ceip-catalunya-sabadell\/wp-json\/wp\/v2\/media?parent=5039"}],"wp:term":[{"taxonomy":"category","embeddable":true,"href":"https:\/\/agora.xtec.cat\/ceip-catalunya-sabadell\/wp-json\/wp\/v2\/categories?post=5039"},{"taxonomy":"post_tag","embeddable":true,"href":"https:\/\/agora.xtec.cat\/ceip-catalunya-sabadell\/wp-json\/wp\/v2\/tags?post=5039"}],"curies":[{"name":"wp","href":"https:\/\/api.w.org\/{rel}","templated":true}]}}