{"id":5032,"date":"2024-02-15T11:26:48","date_gmt":"2024-02-15T10:26:48","guid":{"rendered":"https:\/\/agora.xtec.cat\/ceip-catalunya-sabadell\/?p=5032"},"modified":"2024-09-17T15:52:00","modified_gmt":"2024-09-17T13:52:00","slug":"preinscripcio-2024-2025","status":"publish","type":"post","link":"https:\/\/agora.xtec.cat\/ceip-catalunya-sabadell\/portada\/preinscripcio-2024-2025\/","title":{"rendered":"PREINSCRIPCI\u00d3 2024-2025"},"content":{"rendered":"<p>Us deixem enlla\u00e7os d&#8217;inter\u00e8s amb informaci\u00f3 sobre el proc\u00e9s de PREINSCRIPCI\u00d3:<\/p>\n<p><img loading=\"lazy\" decoding=\"async\" class=\"alignnone wp-image-4460 \" src=\"https:\/\/agora.xtec.cat\/ceip-catalunya-sabadell\/wp-content\/uploads\/usu823\/2022\/03\/NOVETAT-150x150.png\" alt=\"\" width=\"61\" height=\"61\" srcset=\"https:\/\/agora.xtec.cat\/ceip-catalunya-sabadell\/wp-content\/uploads\/usu823\/2022\/03\/NOVETAT-150x150.png 150w, https:\/\/agora.xtec.cat\/ceip-catalunya-sabadell\/wp-content\/uploads\/usu823\/2022\/03\/NOVETAT.png 227w\" sizes=\"auto, (max-width: 61px) 100vw, 61px\" \/> A partir de dem\u00e0 dia 11 de juny, es poden presentar reclamacions durant els dies <strong>11, 12 i 13 de juny<\/strong> clicant el seg\u00fcent enlla\u00e7: <a href=\"https:\/\/educacio.gencat.cat\/ca\/tramits\/tramits-temes\/reclamacions-assignacions-preinscripcio-obligatoris?category=74447ed8-a82c-11e3-a972-000c29052e2c&amp;moda=1\">AQU\u00cd\u00a0<\/a><\/p>\n<p>10\/06\/2024 Alumnes preinscrits. Clica <a href=\"https:\/\/drive.google.com\/file\/d\/11BNEaZl2ixEmrICQJz3gjCIaRGiUp4qq\/view?usp=sharing\">AQU\u00cd<\/a><\/p>\n<p>10\/06\/2024 Publicaci\u00f3 Alumnes assignats al centre amb indicaci\u00f3 de la primera petici\u00f3 a 10\/06\/2024 clica <a href=\"https:\/\/drive.google.com\/file\/d\/1Eo0evX-vV7vG8EQYbU9BxMZ29KPLV8jK\/view?usp=sharing\">AQU\u00cd\u00a0<\/a><\/p>\n<p>10\/06\/2024 Llistes d&#8217;espera, clica <a href=\"https:\/\/drive.google.com\/file\/d\/17DNX9neX-djOwfUiP3XZb8t1VyHIsPq_\/view?usp=sharing\">AQU\u00cd<\/a><\/p>\n<p>07\/06\/2024 Publicaci\u00f3 Oferta definitiva places: clica <a href=\"https:\/\/drive.google.com\/file\/d\/1YK0RqM6OYSMFRDJ5nAKSSJLO79sFxLyU\/view?usp=drive_link\">AQU\u00cd<\/a><\/p>\n<p>02\/05\/2024 Llista de sol\u00b7licituds que han demanat el centre i l&#8217;ensenyament en primera petici\u00f3 ordenada a 02\/05\/2024: clica <a href=\"https:\/\/drive.google.com\/file\/d\/1nzVgplfTt-Cr8EJIZhW-zl-vC5TNMtZD\/view?usp=sharing\">AQU\u00cd<\/a><\/p>\n<p>30\/04\/2024 N\u00famero de desempat: 81801<\/p>\n<p>25\/04\/2024 Llista amb la puntuaci\u00f3 resoltes les reclamacions d&#8217;educaci\u00f3 infantil, educaci\u00f3 prim\u00e0ria: clica <a href=\"https:\/\/drive.google.com\/file\/d\/1z-PdxMwPTbsJM5wpDoAR_yOgz-WZCpke\/view?usp=sharing\">AQU\u00cd<\/a><\/p>\n<p>17\/04\/2024 Llista de sol\u00b7licituds que han demanat el centre i l&#8217;ensenyament en primera petici\u00f3 amb la puntuaci\u00f3 provisional: clica <a href=\"https:\/\/drive.google.com\/file\/d\/1gfIn-gDJHfgv8XsngjuSj4KWLu7jbTwM\/view?usp=sharing\"><strong>AQU\u00cd\u00a0<\/strong><\/a><\/p>\n<p>Tamb\u00e9 podreu accedir a la consulta individual, accedint a <a href=\"https:\/\/preinscripcio.gencat.cat\/ca\/estudis\/primaria\/preinscriute\/seguiment-sollicitud\/llista-sollicituds-puntuacio\/\">Consulta la llista de sol\u00b7licituds amb la puntuaci\u00f3 provisional<\/a>, amb el DNI, NIE o passaport de la persona que va presentar la sol\u00b7licitud i el seu codi, a la web preinscripcio.gencat.cat.<\/p>\n<p>A partir d\u2019avui es poden presentar reclamacions. Es pot fer des de la mateixa consulta individual o des de l\u2019opci\u00f3 \u201cFes el seguiment de la teva sol\u00b7licitud\u201d de la web preinscripcio.gencat.cat. A m\u00e9s, teniu a la vostra disposici\u00f3 aquest v\u00eddeo tutorial <a href=\"https:\/\/preinscripcio.gencat.cat\/ca\/estudis\/primaria\/ajuda\/pindoles-multimedia\/\">Com presentar una reclamaci\u00f3 contra la llista amb la puntuaci\u00f3 provisional<\/a>.<\/p>\n<p>SOL\u00b7LICITUD DE PREINSCRIPCI\u00d3 del 6 al 20 de mar\u00e7 de 2024 <a href=\"https:\/\/preinscripcio.gencat.cat\/ca\/estudis\/infantil-3-6\/preinscriute\/sollicitud\/\">ENLLA\u00c7<\/a><\/p>\n<p>Calendari <a href=\"https:\/\/preinscripcio.gencat.cat\/ca\/estudis\/infantil-3-6\/informat\/calendari\/\">ENLLA\u00c7<\/a><\/p>\n<p>Publicaci\u00f3 oferta inicial de places PREINSCRIPCI\u00d3: <a href=\"https:\/\/drive.google.com\/file\/d\/1Vl-JURM5CKG__fep4__dNpM1H5z2QtNi\/view?usp=sharing\">ENLLA\u00c7<\/a><\/p>\n<p>Centres amb puntuaci\u00f3 per proximitat: <a href=\"https:\/\/web.sabadell.cat\/cercador-educacio-infantil-i-primaria\/index.php?option=com_content&amp;view=article&amp;layout=edit&amp;id=56276\">ENLLA\u00c7<\/a><\/p>\n<p>Informaci\u00f3 Preinscripci\u00f3 Generalitat: <a href=\"https:\/\/preinscripcio.gencat.cat\/ca\/estudis\/infantil-3-6\/inici\/\">ENLLA\u00c7<\/a><\/p>\n<p>Xerrades informatives sobre el proc\u00e9s de Preinscripci\u00f3 2024:<\/p>\n<p><img loading=\"lazy\" decoding=\"async\" class=\"alignnone wp-image-5033 size-medium\" src=\"https:\/\/agora.xtec.cat\/ceip-catalunya-sabadell\/wp-content\/uploads\/usu823\/2024\/02\/cartellsXerradesPreinscripcio24_page-0001-212x300.jpg\" alt=\"\" width=\"212\" height=\"300\" srcset=\"https:\/\/agora.xtec.cat\/ceip-catalunya-sabadell\/wp-content\/uploads\/usu823\/2024\/02\/cartellsXerradesPreinscripcio24_page-0001-212x300.jpg 212w, https:\/\/agora.xtec.cat\/ceip-catalunya-sabadell\/wp-content\/uploads\/usu823\/2024\/02\/cartellsXerradesPreinscripcio24_page-0001-724x1024.jpg 724w, https:\/\/agora.xtec.cat\/ceip-catalunya-sabadell\/wp-content\/uploads\/usu823\/2024\/02\/cartellsXerradesPreinscripcio24_page-0001-768x1086.jpg 768w, https:\/\/agora.xtec.cat\/ceip-catalunya-sabadell\/wp-content\/uploads\/usu823\/2024\/02\/cartellsXerradesPreinscripcio24_page-0001-1086x1536.jpg 1086w, https:\/\/agora.xtec.cat\/ceip-catalunya-sabadell\/wp-content\/uploads\/usu823\/2024\/02\/cartellsXerradesPreinscripcio24_page-0001-1448x2048.jpg 1448w, https:\/\/agora.xtec.cat\/ceip-catalunya-sabadell\/wp-content\/uploads\/usu823\/2024\/02\/cartellsXerradesPreinscripcio24_page-0001.jpg 1754w\" sizes=\"auto, (max-width: 212px) 100vw, 212px\" \/><\/p>\n<p>&nbsp;<\/p>\n","protected":false},"excerpt":{"rendered":"<p>Us deixem enlla\u00e7os d&#8217;inter\u00e8s amb informaci\u00f3 sobre el proc\u00e9s de PREINSCRIPCI\u00d3:<br \/>\n A partir de dem\u00e0 dia 11 de juny, es poden presentar reclamacions durant els dies 11, 12 i 13 de juny clicant el seg\u00fcent enlla\u00e7: <a href=\"https:\/\/educacio.gencat.cat\/ca\/tramits\/tramits-temes\/reclamacions-assignacions-preinscripcio-obligatoris?category=74447ed8-a82c-11e3-a972-000c29052e2c&amp;moda=1\">AQU\u00cd\u00a0<\/a><br \/>\n10\/06\/2024 Alumnes preinscrits. Clica <a href=\"https:\/\/drive.google.com\/file\/d\/11BNEaZl2ixEmrICQJz3gjCIaRGiUp4qq\/view?usp=sharing\">AQU\u00cd<\/a><br \/>\n10\/06\/2024 Publicaci\u00f3 Alumnes&hellip;  <a href=\"https:\/\/agora.xtec.cat\/ceip-catalunya-sabadell\/portada\/preinscripcio-2024-2025\/\" title=\"Read PREINSCRIPCI\u00d3 2024-2025\">Llegeix m\u00e9s\u00bb<\/a><\/p>\n","protected":false},"author":3,"featured_media":0,"comment_status":"open","ping_status":"closed","sticky":false,"template":"","format":"standard","meta":{"_bbp_topic_count":0,"_bbp_reply_count":0,"_bbp_total_topic_count":0,"_bbp_total_reply_count":0,"_bbp_voice_count":0,"_bbp_anonymous_reply_count":0,"_bbp_topic_count_hidden":0,"_bbp_reply_count_hidden":0,"_bbp_forum_subforum_count":0,"footnotes":""},"categories":[4,123],"tags":[],"class_list":["post-5032","post","type-post","status-publish","format-standard","hentry","category-portada","category-preinscripcio-i-matricula"],"post_mailing_queue_ids":[],"_links":{"self":[{"href":"https:\/\/agora.xtec.cat\/ceip-catalunya-sabadell\/wp-json\/wp\/v2\/posts\/5032","targetHints":{"allow":["GET"]}}],"collection":[{"href":"https:\/\/agora.xtec.cat\/ceip-catalunya-sabadell\/wp-json\/wp\/v2\/posts"}],"about":[{"href":"https:\/\/agora.xtec.cat\/ceip-catalunya-sabadell\/wp-json\/wp\/v2\/types\/post"}],"author":[{"embeddable":true,"href":"https:\/\/agora.xtec.cat\/ceip-catalunya-sabadell\/wp-json\/wp\/v2\/users\/3"}],"replies":[{"embeddable":true,"href":"https:\/\/agora.xtec.cat\/ceip-catalunya-sabadell\/wp-json\/wp\/v2\/comments?post=5032"}],"version-history":[{"count":7,"href":"https:\/\/agora.xtec.cat\/ceip-catalunya-sabadell\/wp-json\/wp\/v2\/posts\/5032\/revisions"}],"predecessor-version":[{"id":5108,"href":"https:\/\/agora.xtec.cat\/ceip-catalunya-sabadell\/wp-json\/wp\/v2\/posts\/5032\/revisions\/5108"}],"wp:attachment":[{"href":"https:\/\/agora.xtec.cat\/ceip-catalunya-sabadell\/wp-json\/wp\/v2\/media?parent=5032"}],"wp:term":[{"taxonomy":"category","embeddable":true,"href":"https:\/\/agora.xtec.cat\/ceip-catalunya-sabadell\/wp-json\/wp\/v2\/categories?post=5032"},{"taxonomy":"post_tag","embeddable":true,"href":"https:\/\/agora.xtec.cat\/ceip-catalunya-sabadell\/wp-json\/wp\/v2\/tags?post=5032"}],"curies":[{"name":"wp","href":"https:\/\/api.w.org\/{rel}","templated":true}]}}