{"id":5029,"date":"2024-02-09T15:21:48","date_gmt":"2024-02-09T14:21:48","guid":{"rendered":"https:\/\/agora.xtec.cat\/ceip-catalunya-sabadell\/?p=5029"},"modified":"2024-02-09T15:21:48","modified_gmt":"2024-02-09T14:21:48","slug":"carnaval-passat-per-aigua-una-mica","status":"publish","type":"post","link":"https:\/\/agora.xtec.cat\/ceip-catalunya-sabadell\/general\/carnaval-passat-per-aigua-una-mica\/","title":{"rendered":"Carnaval passat per aigua una mica"},"content":{"rendered":"<div dir=\"ltr\">Benvolgudes fam\u00edlies,<\/div>\n<div dir=\"ltr\"><\/div>\n<div dir=\"ltr\">malauradament la pluja ha arribat el dia que no tocaria&#8230; tenim el pati mullat i ple de bassals i encara que deixat de ploure fa una estoneta,\u00a0 les condicions per ballar a la pista i seure a les grades no s\u00f3n les adequades. Per tant, ajornem la celebraci\u00f3 de Carnaval al proper divendres 16 de febrer, aquest dia tamb\u00e9 podem venir disfressats i disfressades tot el dia per\u00f2 farem classe al mat\u00ed i la celebraci\u00f3 a la tarda amb tot el que estava previst per avui (balls i berenar de l&#8217;alumnat de 6\u00e8).<\/div>\n<div dir=\"ltr\"><\/div>\n<div dir=\"ltr\">Igualment aquest mat\u00ed hem fet festa grossa a les aules i les fotos de grup que podeu veure si cliqueu a la imatge del nostre Rei Carnestoltes:<\/div>\n<div dir=\"ltr\"><\/div>\n<div dir=\"ltr\" style=\"text-align: center\"><a href=\"https:\/\/drive.google.com\/drive\/folders\/1Qf21iAcbywE1facvXnkaWEly5qSp0ogJ?usp=sharing\"><img loading=\"lazy\" decoding=\"async\" class=\"alignnone size-medium wp-image-5030\" src=\"https:\/\/agora.xtec.cat\/ceip-catalunya-sabadell\/wp-content\/uploads\/usu823\/2024\/02\/REI-CARNESTOLTES-1-222x300.jpg\" alt=\"\" width=\"222\" height=\"300\" srcset=\"https:\/\/agora.xtec.cat\/ceip-catalunya-sabadell\/wp-content\/uploads\/usu823\/2024\/02\/REI-CARNESTOLTES-1-222x300.jpg 222w, https:\/\/agora.xtec.cat\/ceip-catalunya-sabadell\/wp-content\/uploads\/usu823\/2024\/02\/REI-CARNESTOLTES-1-756x1024.jpg 756w, https:\/\/agora.xtec.cat\/ceip-catalunya-sabadell\/wp-content\/uploads\/usu823\/2024\/02\/REI-CARNESTOLTES-1-768x1040.jpg 768w, https:\/\/agora.xtec.cat\/ceip-catalunya-sabadell\/wp-content\/uploads\/usu823\/2024\/02\/REI-CARNESTOLTES-1-1135x1536.jpg 1135w, https:\/\/agora.xtec.cat\/ceip-catalunya-sabadell\/wp-content\/uploads\/usu823\/2024\/02\/REI-CARNESTOLTES-1.jpg 1182w\" sizes=\"auto, (max-width: 222px) 100vw, 222px\" \/><\/a><\/div>\n<div dir=\"ltr\"><\/div>\n<div dir=\"ltr\"><\/div>\n","protected":false},"excerpt":{"rendered":"<p>Benvolgudes fam\u00edlies,<\/p>\n<p>malauradament la pluja ha arribat el dia que no tocaria&#8230; tenim el pati mullat i ple de bassals i encara que deixat de ploure fa una estoneta,\u00a0 les condicions per ballar a la pista i seure a les grades no s\u00f3n les adequades. Per&hellip;  <a href=\"https:\/\/agora.xtec.cat\/ceip-catalunya-sabadell\/general\/carnaval-passat-per-aigua-una-mica\/\" title=\"Read Carnaval passat per aigua una mica\">Llegeix m\u00e9s\u00bb<\/a><\/p>\n","protected":false},"author":22,"featured_media":0,"comment_status":"open","ping_status":"closed","sticky":false,"template":"","format":"standard","meta":{"_bbp_topic_count":0,"_bbp_reply_count":0,"_bbp_total_topic_count":0,"_bbp_total_reply_count":0,"_bbp_voice_count":0,"_bbp_anonymous_reply_count":0,"_bbp_topic_count_hidden":0,"_bbp_reply_count_hidden":0,"_bbp_forum_subforum_count":0,"footnotes":""},"categories":[1,4],"tags":[],"class_list":["post-5029","post","type-post","status-publish","format-standard","hentry","category-general","category-portada"],"post_mailing_queue_ids":[],"_links":{"self":[{"href":"https:\/\/agora.xtec.cat\/ceip-catalunya-sabadell\/wp-json\/wp\/v2\/posts\/5029","targetHints":{"allow":["GET"]}}],"collection":[{"href":"https:\/\/agora.xtec.cat\/ceip-catalunya-sabadell\/wp-json\/wp\/v2\/posts"}],"about":[{"href":"https:\/\/agora.xtec.cat\/ceip-catalunya-sabadell\/wp-json\/wp\/v2\/types\/post"}],"author":[{"embeddable":true,"href":"https:\/\/agora.xtec.cat\/ceip-catalunya-sabadell\/wp-json\/wp\/v2\/users\/22"}],"replies":[{"embeddable":true,"href":"https:\/\/agora.xtec.cat\/ceip-catalunya-sabadell\/wp-json\/wp\/v2\/comments?post=5029"}],"version-history":[{"count":1,"href":"https:\/\/agora.xtec.cat\/ceip-catalunya-sabadell\/wp-json\/wp\/v2\/posts\/5029\/revisions"}],"predecessor-version":[{"id":5031,"href":"https:\/\/agora.xtec.cat\/ceip-catalunya-sabadell\/wp-json\/wp\/v2\/posts\/5029\/revisions\/5031"}],"wp:attachment":[{"href":"https:\/\/agora.xtec.cat\/ceip-catalunya-sabadell\/wp-json\/wp\/v2\/media?parent=5029"}],"wp:term":[{"taxonomy":"category","embeddable":true,"href":"https:\/\/agora.xtec.cat\/ceip-catalunya-sabadell\/wp-json\/wp\/v2\/categories?post=5029"},{"taxonomy":"post_tag","embeddable":true,"href":"https:\/\/agora.xtec.cat\/ceip-catalunya-sabadell\/wp-json\/wp\/v2\/tags?post=5029"}],"curies":[{"name":"wp","href":"https:\/\/api.w.org\/{rel}","templated":true}]}}